{"id":6635,"date":"2024-12-19T08:47:19","date_gmt":"2024-12-19T08:47:19","guid":{"rendered":"https:\/\/morningflora.com\/caroline-daines-wird-zur-designerin-des-blumenfestivals-ernannt\/"},"modified":"2024-12-21T14:39:12","modified_gmt":"2024-12-21T14:39:12","slug":"caroline-daines-wird-zur-designerin-des-blumenfestivals-ernannt","status":"publish","type":"post","link":"https:\/\/morningflora.com\/de\/caroline-daines-wird-zur-designerin-des-blumenfestivals-ernannt\/","title":{"rendered":"Caroline Daines wird zur Designerin des Blumenfestivals ernannt"},"content":{"rendered":"\n<p>Die Kathedrale von Chichester hat offiziell <a href=\"https:\/\/www.chichestercathedral.org.uk\/news\/florist-caroline-daines-announced-designer-chichester-cathedrals-festival-flowers-2026\">Caroline Daines<\/a> als Designerin f\u00fcr das Festival of Flowers 2026 bekannt gegeben. Caroline ist f\u00fcr ihre au\u00dfergew\u00f6hnliche Blumenkunst und ihr kreatives Gesp\u00fcr bekannt und verspricht, bei dieser mit Spannung erwarteten Veranstaltung ein unvergessliches Blumenerlebnis zu bieten.<\/p>\n\n<h2 class=\"wp-block-heading has-medium-font-size\">Florale Kunstwerke f\u00fcr die Kathedrale von Chichester<\/h2>\n\n<p>Caroline Daines, die Gr\u00fcnderin von Nordic Twigs mit Sitz in Sussex, ist bekannt f\u00fcr ihren einzigartigen Stil, der nordische Einfachheit mit britischem Erbe verbindet.\nIhre Arbeit spiegelt die nat\u00fcrliche Sch\u00f6nheit von West Sussex wider, wo sie seit fast 15 Jahren lebt. <\/p>\n\n<p>Im Gespr\u00e4ch \u00fcber ihre Ernennung teilte Caroline ihre Aufregung.\n&#8222;Es ist eine Ehre, f\u00fcr einen so historischen und beeindruckenden Ort zu entwerfen.\nIch kann es kaum erwarten, eine florale Geschichte zu kreieren, die jeden Besucher in ihren Bann zieht.&#8220;  <\/p>\n\n<p>Im Rahmen des Festival of Flowers werden die historischen R\u00e4ume der Kathedrale von Chichester in ein atemberaubendes florales Meisterwerk verwandelt.\nMit Carolines kreativer Vision und der Unterst\u00fctzung eines engagierten Freiwilligenteams verspricht die Veranstaltung ein atemberaubendes Erlebnis f\u00fcr die Sinne. <\/p>\n\n<h2 class=\"wp-block-heading has-medium-font-size\">Festivaldaten bekannt gegeben: 3-6 Juni 2026<\/h2>\n\n<p>Merken Sie sich Ihre Kalender vor!\nDas Festival of Flowers 2026 wird vom 3. bis 6. Juni in der Kathedrale von Chichester stattfinden.\nDiese beliebte Veranstaltung zieht Tausende von Besuchern an, die spektakul\u00e4re Blumenausstellungen sehen und gleichzeitig einen sinnvollen Zweck unterst\u00fctzen m\u00f6chten.  <\/p>\n\n<p>Der Dekan von Chichester, Reverend Dr. Edward Dowler, lobte die Ernennung von Caroline.\n&#8222;Ihr Talent und ihre Leidenschaft machen sie zur perfekten Wahl f\u00fcr die Leitung des Festivals.\nIhre Entw\u00fcrfe werden ein unvergessliches Erlebnis schaffen.&#8220;  <\/p>\n\n<p>Die Vorsitzende des Festivals, Hilary Tupper, wird zusammen mit engagierten Freiwilligen dabei helfen, die gro\u00dfe florale Vision der Kathedrale zum Leben zu erwecken.\nSeit ihrer Gr\u00fcndung hat die Veranstaltung \u00fcber 2,5 Millionen Pfund f\u00fcr den Restaurierungs- und Entwicklungstrust der Kathedrale eingebracht. <\/p>\n\n<p>Einzelheiten zu den Eintrittskarten werden bald auf der offiziellen Website der Kathedrale bekannt gegeben.\nSeien Sie bereit f\u00fcr ein bemerkenswertes Fest der Blumen, der Geschichte und des Gemeinschaftssinns. <\/p>\n\n<p><\/p>\n<div class=\"pld-like-dislike-wrap pld-custom\">\r\n    <div class=\"pld-like-wrap  pld-common-wrap\">\r\n    <a href=\"javascript:void(0)\" class=\"pld-like-trigger pld-like-dislike-trigger  \" title=\"Like\" data-post-id=\"6635\" data-trigger-type=\"like\" data-restriction=\"cookie\" data-already-liked=\"0\">\r\n                            <img src=\"https:\/\/morningflora.com\/wp-content\/uploads\/2024\/09\/like-1.svg\" alt=\"Like\" \/>\r\n            <\/a>\r\n    <span class=\"pld-like-count-wrap pld-count-wrap\">3    <\/span>\r\n<\/div><div class=\"pld-dislike-wrap  pld-common-wrap\">\r\n    <a href=\"javascript:void(0)\" class=\"pld-dislike-trigger pld-like-dislike-trigger  \" title=\"Dislike\" data-post-id=\"6635\" data-trigger-type=\"dislike\" data-restriction=\"cookie\" data-already-liked=\"0\">\r\n                            <img src=\"https:\/\/morningflora.com\/wp-content\/uploads\/2024\/09\/unlike.svg\" alt=\"Dislike\" \/>\r\n            <\/a>\r\n    <span class=\"pld-dislike-count-wrap pld-count-wrap\">0<\/span>\r\n<\/div><\/div>","protected":false},"excerpt":{"rendered":"<p>Die Kathedrale von Chichester hat offiziell Caroline Daines als Designerin f\u00fcr das Festival of Flowers 2026 bekannt gegeben. Caroline ist f\u00fcr ihre au\u00dfergew\u00f6hnliche Blumenkunst und ihr kreatives Gesp\u00fcr bekannt und verspricht, bei dieser mit Spannung erwarteten Veranstaltung ein unvergessliches Blumenerlebnis zu bieten. Florale Kunstwerke f\u00fcr die Kathedrale von Chichester Caroline Daines, die Gr\u00fcnderin von Nordic [&hellip;]<\/p>\n","protected":false},"author":14,"featured_media":5662,"comment_status":"open","ping_status":"open","sticky":false,"template":"","format":"standard","meta":{"footnotes":""},"categories":[402],"tags":[403],"country-name":[68,71],"ppma_author":[53,8],"class_list":["post-6635","post","type-post","status-publish","format-standard","has-post-thumbnail","hentry","category-ereignisse","tag-uk-de","country-name-uk","country-name-worldwide","author-peter","author-admin"],"yoast_head":"<!-- This site is optimized with the Yoast SEO plugin v25.3 - https:\/\/yoast.com\/wordpress\/plugins\/seo\/ -->\n<title>Caroline Daines wird zur Designerin des Blumenfestivals ernannt - Morning Flora<\/title>\n<meta name=\"description\" content=\"Die Kathedrale von Chichester k\u00fcndigt Caroline Daines als Designerin f\u00fcr das Festival of Flowers 2026 an. Vom 3-6 Juni 2026.\" \/>\n<meta name=\"robots\" content=\"index, follow, max-snippet:-1, max-image-preview:large, max-video-preview:-1\" \/>\n<link rel=\"canonical\" href=\"https:\/\/morningflora.com\/de\/caroline-daines-wird-zur-designerin-des-blumenfestivals-ernannt\/\" \/>\n<meta property=\"og:locale\" content=\"de_DE\" \/>\n<meta property=\"og:type\" content=\"article\" \/>\n<meta property=\"og:title\" content=\"Caroline Daines wird zur Designerin des Blumenfestivals ernannt - Morning Flora\" \/>\n<meta property=\"og:description\" content=\"Die Kathedrale von Chichester k\u00fcndigt Caroline Daines als Designerin f\u00fcr das Festival of Flowers 2026 an. Vom 3-6 Juni 2026.\" \/>\n<meta property=\"og:url\" content=\"https:\/\/morningflora.com\/de\/caroline-daines-wird-zur-designerin-des-blumenfestivals-ernannt\/\" \/>\n<meta property=\"og:site_name\" content=\"Morning Flora\" \/>\n<meta property=\"article:published_time\" content=\"2024-12-19T08:47:19+00:00\" \/>\n<meta property=\"article:modified_time\" content=\"2024-12-21T14:39:12+00:00\" \/>\n<meta property=\"og:image\" content=\"https:\/\/morningflora.com\/wp-content\/uploads\/2024\/12\/caroline-daines-as-the-designer-for-its-festival-of-flowers-2026.jpg\" \/>\n\t<meta property=\"og:image:width\" content=\"1500\" \/>\n\t<meta property=\"og:image:height\" content=\"1192\" \/>\n\t<meta property=\"og:image:type\" content=\"image\/jpeg\" \/>\n<meta name=\"author\" content=\"Peter, Morning Florist\" \/>\n<meta name=\"twitter:card\" content=\"summary_large_image\" \/>\n<meta name=\"twitter:label1\" content=\"Verfasst von\" \/>\n\t<meta name=\"twitter:data1\" content=\"Peter\" \/>\n\t<meta name=\"twitter:label2\" content=\"Gesch\u00e4tzte Lesezeit\" \/>\n\t<meta name=\"twitter:data2\" content=\"2\u00a0Minuten\" \/>\n<script type=\"application\/ld+json\" class=\"yoast-schema-graph\">{\"@context\":\"https:\/\/schema.org\",\"@graph\":[{\"@type\":\"WebPage\",\"@id\":\"https:\/\/morningflora.com\/de\/caroline-daines-wird-zur-designerin-des-blumenfestivals-ernannt\/\",\"url\":\"https:\/\/morningflora.com\/de\/caroline-daines-wird-zur-designerin-des-blumenfestivals-ernannt\/\",\"name\":\"Caroline Daines wird zur Designerin des Blumenfestivals ernannt - Morning Flora\",\"isPartOf\":{\"@id\":\"https:\/\/morningflora.com\/de\/#website\"},\"primaryImageOfPage\":{\"@id\":\"https:\/\/morningflora.com\/de\/caroline-daines-wird-zur-designerin-des-blumenfestivals-ernannt\/#primaryimage\"},\"image\":{\"@id\":\"https:\/\/morningflora.com\/de\/caroline-daines-wird-zur-designerin-des-blumenfestivals-ernannt\/#primaryimage\"},\"thumbnailUrl\":\"https:\/\/morningflora.com\/wp-content\/uploads\/2024\/12\/caroline-daines-as-the-designer-for-its-festival-of-flowers-2026.jpg\",\"datePublished\":\"2024-12-19T08:47:19+00:00\",\"dateModified\":\"2024-12-21T14:39:12+00:00\",\"author\":{\"@id\":\"https:\/\/morningflora.com\/de\/#\/schema\/person\/665193ac8c92e86a70ec395f236daf33\"},\"description\":\"Die Kathedrale von Chichester k\u00fcndigt Caroline Daines als Designerin f\u00fcr das Festival of Flowers 2026 an. Vom 3-6 Juni 2026.\",\"breadcrumb\":{\"@id\":\"https:\/\/morningflora.com\/de\/caroline-daines-wird-zur-designerin-des-blumenfestivals-ernannt\/#breadcrumb\"},\"inLanguage\":\"de\",\"potentialAction\":[{\"@type\":\"ReadAction\",\"target\":[\"https:\/\/morningflora.com\/de\/caroline-daines-wird-zur-designerin-des-blumenfestivals-ernannt\/\"]}]},{\"@type\":\"ImageObject\",\"inLanguage\":\"de\",\"@id\":\"https:\/\/morningflora.com\/de\/caroline-daines-wird-zur-designerin-des-blumenfestivals-ernannt\/#primaryimage\",\"url\":\"https:\/\/morningflora.com\/wp-content\/uploads\/2024\/12\/caroline-daines-as-the-designer-for-its-festival-of-flowers-2026.jpg\",\"contentUrl\":\"https:\/\/morningflora.com\/wp-content\/uploads\/2024\/12\/caroline-daines-as-the-designer-for-its-festival-of-flowers-2026.jpg\",\"width\":1500,\"height\":1192,\"caption\":\"Die Kathedrale von Chichester hat Caroline Daines offiziell als Designerin f\u00fcr das Festival of Flowers 2026 bekannt gegeben.\"},{\"@type\":\"BreadcrumbList\",\"@id\":\"https:\/\/morningflora.com\/de\/caroline-daines-wird-zur-designerin-des-blumenfestivals-ernannt\/#breadcrumb\",\"itemListElement\":[{\"@type\":\"ListItem\",\"position\":1,\"name\":\"Home\",\"item\":\"https:\/\/morningflora.com\/de\/\"},{\"@type\":\"ListItem\",\"position\":2,\"name\":\"Caroline Daines wird zur Designerin des Blumenfestivals ernannt\"}]},{\"@type\":\"WebSite\",\"@id\":\"https:\/\/morningflora.com\/de\/#website\",\"url\":\"https:\/\/morningflora.com\/de\/\",\"name\":\"Morning Flora\",\"description\":\"Latest Floriculture News: Insights from Local Growers | New Varieties | Upcoming Events. Stay ahead in\u00a0the\u00a0industry!\",\"alternateName\":\"MF\",\"potentialAction\":[{\"@type\":\"SearchAction\",\"target\":{\"@type\":\"EntryPoint\",\"urlTemplate\":\"https:\/\/morningflora.com\/de\/?s={search_term_string}\"},\"query-input\":{\"@type\":\"PropertyValueSpecification\",\"valueRequired\":true,\"valueName\":\"search_term_string\"}}],\"inLanguage\":\"de\"},{\"@type\":\"Person\",\"@id\":\"https:\/\/morningflora.com\/de\/#\/schema\/person\/665193ac8c92e86a70ec395f236daf33\",\"name\":\"Peter\",\"image\":{\"@type\":\"ImageObject\",\"inLanguage\":\"de\",\"@id\":\"https:\/\/morningflora.com\/de\/#\/schema\/person\/image\/505616de7c59d1de6acd0dc905d95bca\",\"url\":\"https:\/\/secure.gravatar.com\/avatar\/fa48d9b9eb47812a012aea4d12a38568c5bb0800fcbcd73ade468bab7f8ae81c?s=96&d=mm&r=g\",\"contentUrl\":\"https:\/\/secure.gravatar.com\/avatar\/fa48d9b9eb47812a012aea4d12a38568c5bb0800fcbcd73ade468bab7f8ae81c?s=96&d=mm&r=g\",\"caption\":\"Peter\"},\"description\":\"I'm a passionate content writer specializing in floriculture and horticulture news. With a keen eye for seasonal trends and a deep love for nature, I craft engaging and informative articles that highlight flower care tips, gardening updates, floral design inspiration, and industry developments. My writing combines creativity with research, helping readers stay connected to the vibrant world of flowers.\",\"url\":\"https:\/\/morningflora.com\/author\/peter\/\"}]}<\/script>\n<!-- \/ Yoast SEO plugin. -->","yoast_head_json":{"title":"Caroline Daines wird zur Designerin des Blumenfestivals ernannt - Morning Flora","description":"Die Kathedrale von Chichester k\u00fcndigt Caroline Daines als Designerin f\u00fcr das Festival of Flowers 2026 an. Vom 3-6 Juni 2026.","robots":{"index":"index","follow":"follow","max-snippet":"max-snippet:-1","max-image-preview":"max-image-preview:large","max-video-preview":"max-video-preview:-1"},"canonical":"https:\/\/morningflora.com\/de\/caroline-daines-wird-zur-designerin-des-blumenfestivals-ernannt\/","og_locale":"de_DE","og_type":"article","og_title":"Caroline Daines wird zur Designerin des Blumenfestivals ernannt - Morning Flora","og_description":"Die Kathedrale von Chichester k\u00fcndigt Caroline Daines als Designerin f\u00fcr das Festival of Flowers 2026 an. Vom 3-6 Juni 2026.","og_url":"https:\/\/morningflora.com\/de\/caroline-daines-wird-zur-designerin-des-blumenfestivals-ernannt\/","og_site_name":"Morning Flora","article_published_time":"2024-12-19T08:47:19+00:00","article_modified_time":"2024-12-21T14:39:12+00:00","og_image":[{"width":1500,"height":1192,"url":"https:\/\/morningflora.com\/wp-content\/uploads\/2024\/12\/caroline-daines-as-the-designer-for-its-festival-of-flowers-2026.jpg","type":"image\/jpeg"}],"author":"Peter, Morning Florist","twitter_card":"summary_large_image","twitter_misc":{"Verfasst von":"Peter","Gesch\u00e4tzte Lesezeit":"2\u00a0Minuten"},"schema":{"@context":"https:\/\/schema.org","@graph":[{"@type":"WebPage","@id":"https:\/\/morningflora.com\/de\/caroline-daines-wird-zur-designerin-des-blumenfestivals-ernannt\/","url":"https:\/\/morningflora.com\/de\/caroline-daines-wird-zur-designerin-des-blumenfestivals-ernannt\/","name":"Caroline Daines wird zur Designerin des Blumenfestivals ernannt - Morning Flora","isPartOf":{"@id":"https:\/\/morningflora.com\/de\/#website"},"primaryImageOfPage":{"@id":"https:\/\/morningflora.com\/de\/caroline-daines-wird-zur-designerin-des-blumenfestivals-ernannt\/#primaryimage"},"image":{"@id":"https:\/\/morningflora.com\/de\/caroline-daines-wird-zur-designerin-des-blumenfestivals-ernannt\/#primaryimage"},"thumbnailUrl":"https:\/\/morningflora.com\/wp-content\/uploads\/2024\/12\/caroline-daines-as-the-designer-for-its-festival-of-flowers-2026.jpg","datePublished":"2024-12-19T08:47:19+00:00","dateModified":"2024-12-21T14:39:12+00:00","author":{"@id":"https:\/\/morningflora.com\/de\/#\/schema\/person\/665193ac8c92e86a70ec395f236daf33"},"description":"Die Kathedrale von Chichester k\u00fcndigt Caroline Daines als Designerin f\u00fcr das Festival of Flowers 2026 an. Vom 3-6 Juni 2026.","breadcrumb":{"@id":"https:\/\/morningflora.com\/de\/caroline-daines-wird-zur-designerin-des-blumenfestivals-ernannt\/#breadcrumb"},"inLanguage":"de","potentialAction":[{"@type":"ReadAction","target":["https:\/\/morningflora.com\/de\/caroline-daines-wird-zur-designerin-des-blumenfestivals-ernannt\/"]}]},{"@type":"ImageObject","inLanguage":"de","@id":"https:\/\/morningflora.com\/de\/caroline-daines-wird-zur-designerin-des-blumenfestivals-ernannt\/#primaryimage","url":"https:\/\/morningflora.com\/wp-content\/uploads\/2024\/12\/caroline-daines-as-the-designer-for-its-festival-of-flowers-2026.jpg","contentUrl":"https:\/\/morningflora.com\/wp-content\/uploads\/2024\/12\/caroline-daines-as-the-designer-for-its-festival-of-flowers-2026.jpg","width":1500,"height":1192,"caption":"Die Kathedrale von Chichester hat Caroline Daines offiziell als Designerin f\u00fcr das Festival of Flowers 2026 bekannt gegeben."},{"@type":"BreadcrumbList","@id":"https:\/\/morningflora.com\/de\/caroline-daines-wird-zur-designerin-des-blumenfestivals-ernannt\/#breadcrumb","itemListElement":[{"@type":"ListItem","position":1,"name":"Home","item":"https:\/\/morningflora.com\/de\/"},{"@type":"ListItem","position":2,"name":"Caroline Daines wird zur Designerin des Blumenfestivals ernannt"}]},{"@type":"WebSite","@id":"https:\/\/morningflora.com\/de\/#website","url":"https:\/\/morningflora.com\/de\/","name":"Morning Flora","description":"Latest Floriculture News: Insights from Local Growers | New Varieties | Upcoming Events. Stay ahead in\u00a0the\u00a0industry!","alternateName":"MF","potentialAction":[{"@type":"SearchAction","target":{"@type":"EntryPoint","urlTemplate":"https:\/\/morningflora.com\/de\/?s={search_term_string}"},"query-input":{"@type":"PropertyValueSpecification","valueRequired":true,"valueName":"search_term_string"}}],"inLanguage":"de"},{"@type":"Person","@id":"https:\/\/morningflora.com\/de\/#\/schema\/person\/665193ac8c92e86a70ec395f236daf33","name":"Peter","image":{"@type":"ImageObject","inLanguage":"de","@id":"https:\/\/morningflora.com\/de\/#\/schema\/person\/image\/505616de7c59d1de6acd0dc905d95bca","url":"https:\/\/secure.gravatar.com\/avatar\/fa48d9b9eb47812a012aea4d12a38568c5bb0800fcbcd73ade468bab7f8ae81c?s=96&d=mm&r=g","contentUrl":"https:\/\/secure.gravatar.com\/avatar\/fa48d9b9eb47812a012aea4d12a38568c5bb0800fcbcd73ade468bab7f8ae81c?s=96&d=mm&r=g","caption":"Peter"},"description":"I'm a passionate content writer specializing in floriculture and horticulture news. With a keen eye for seasonal trends and a deep love for nature, I craft engaging and informative articles that highlight flower care tips, gardening updates, floral design inspiration, and industry developments. My writing combines creativity with research, helping readers stay connected to the vibrant world of flowers.","url":"https:\/\/morningflora.com\/author\/peter\/"}]}},"authors":[{"term_id":53,"user_id":14,"is_guest":0,"slug":"peter","display_name":"Peter","avatar_url":"https:\/\/secure.gravatar.com\/avatar\/fa48d9b9eb47812a012aea4d12a38568c5bb0800fcbcd73ade468bab7f8ae81c?s=96&d=mm&r=g","author_category":"","first_name":"Chijioke Emmanuel (Peter)","last_name":"Ezeh","user_url":"","first_name_2":"","last_name_2":"","user_email_2":"","job_title":"","description":"I'm a passionate content writer specializing in floriculture and horticulture news. With a keen eye for seasonal trends and a deep love for nature, I craft engaging and informative articles that highlight flower care tips, gardening updates, floral design inspiration, and industry developments. My writing combines creativity with research, helping readers stay connected to the vibrant world of flowers."},{"term_id":8,"user_id":1,"is_guest":0,"slug":"admin","display_name":"Morning Florist","avatar_url":{"url":"https:\/\/morningflora.com\/wp-content\/uploads\/2024\/05\/aoYBzq.jpg","url2x":"https:\/\/morningflora.com\/wp-content\/uploads\/2024\/05\/aoYBzq.jpg"},"author_category":"","first_name":"","last_name":"","user_url":"https:\/\/morningflora.com","first_name_2":"","last_name_2":"","user_email_2":"","job_title":"","description":""}],"_links":{"self":[{"href":"https:\/\/morningflora.com\/de\/wp-json\/wp\/v2\/posts\/6635","targetHints":{"allow":["GET"]}}],"collection":[{"href":"https:\/\/morningflora.com\/de\/wp-json\/wp\/v2\/posts"}],"about":[{"href":"https:\/\/morningflora.com\/de\/wp-json\/wp\/v2\/types\/post"}],"author":[{"embeddable":true,"href":"https:\/\/morningflora.com\/de\/wp-json\/wp\/v2\/users\/14"}],"replies":[{"embeddable":true,"href":"https:\/\/morningflora.com\/de\/wp-json\/wp\/v2\/comments?post=6635"}],"version-history":[{"count":2,"href":"https:\/\/morningflora.com\/de\/wp-json\/wp\/v2\/posts\/6635\/revisions"}],"predecessor-version":[{"id":6891,"href":"https:\/\/morningflora.com\/de\/wp-json\/wp\/v2\/posts\/6635\/revisions\/6891"}],"wp:featuredmedia":[{"embeddable":true,"href":"https:\/\/morningflora.com\/de\/wp-json\/wp\/v2\/media\/5662"}],"wp:attachment":[{"href":"https:\/\/morningflora.com\/de\/wp-json\/wp\/v2\/media?parent=6635"}],"wp:term":[{"taxonomy":"category","embeddable":true,"href":"https:\/\/morningflora.com\/de\/wp-json\/wp\/v2\/categories?post=6635"},{"taxonomy":"post_tag","embeddable":true,"href":"https:\/\/morningflora.com\/de\/wp-json\/wp\/v2\/tags?post=6635"},{"taxonomy":"country-name","embeddable":true,"href":"https:\/\/morningflora.com\/de\/wp-json\/wp\/v2\/country-name?post=6635"},{"taxonomy":"author","embeddable":true,"href":"https:\/\/morningflora.com\/de\/wp-json\/wp\/v2\/ppma_author?post=6635"}],"curies":[{"name":"wp","href":"https:\/\/api.w.org\/{rel}","templated":true}]}}