{"id":7016,"date":"2024-12-30T10:23:17","date_gmt":"2024-12-30T10:23:17","guid":{"rendered":"https:\/\/morningflora.com\/nationaler-tulpentag-leitet-tulpensaison-ein\/"},"modified":"2024-12-30T10:27:19","modified_gmt":"2024-12-30T10:27:19","slug":"nationaler-tulpentag-leitet-tulpensaison-ein","status":"publish","type":"post","link":"https:\/\/morningflora.com\/de\/nationaler-tulpentag-leitet-tulpensaison-ein\/","title":{"rendered":"Nationaler Tulpentag leitet Tulpensaison ein"},"content":{"rendered":"\n<p>Der Nationale Tulpentag ist wieder da und bringt Freude und Farbe in die grauen Wintertage. Er wird am dritten Samstag im Januar begangen und markiert den offiziellen <a href=\"\">Beginn der Tulpensaison<\/a>. Auf dem Amsterdamer Museumplein wird jedes Jahr ein pr\u00e4chtiger Tulpengarten angelegt, der jeden einl\u00e4dt, kostenlos einen Strau\u00df zu pfl\u00fccken. Diese fr\u00f6hliche Veranstaltung ist zu einer beliebten Tradition geworden, und im Jahr 2025 wird sie sogar noch wichtiger werden.   <\/p>\n\n<h2 class=\"wp-block-heading\">Eine bl\u00fchende Tradition: Nationaler Tulpentag in Amsterdam<\/h2>\n\n<p>Der Museumplein im Herzen von Amsterdam verwandelt sich am Nationalen Tulpentag in ein Meer aus leuchtenden Tulpen. Stellen Sie sich vor, Sie spazieren durch einen tempor\u00e4ren Garten, der mit bis zu 200.000 Tulpen gef\u00fcllt ist. Es ist so magisch, wie es klingt! Um 13:00 Uhr \u00f6ffnet der Garten seine Pforten und hei\u00dft Einheimische und Besucher willkommen, ihre Lieblingsblumen zu pfl\u00fccken.   <\/p>\n\n<p>Die Veranstaltung feiert die tiefen Wurzeln der Tulpe in der niederl\u00e4ndischen Kultur. Au\u00dferdem ist es eine unterhaltsame und kostenlose Aktivit\u00e4t, um den k\u00fchlen Januar aufzuheitern. Im Jahr 2025 wird der Nationale Tulpentag zu Ehren des 750-j\u00e4hrigen Jubil\u00e4ums von Amsterdam begangen, was ein weiterer Grund ist, an den Feierlichkeiten teilzunehmen.  <\/p>\n\n<h2 class=\"wp-block-heading\">Merken Sie sich Ihre Kalender vor: Der n\u00e4chste Nationale Tulpentag findet am 17. Januar 2026 statt<\/h2>\n\n<p>Wenn Sie es dieses Jahr nicht schaffen, keine Sorge! Der n\u00e4chste Nationale Tulpentag findet am 17. Januar 2026 statt. Bis dahin sind Tulpen ab Beginn der Saison \u00fcberall erh\u00e4ltlich.  <\/p>\n\n<p>M\u00f6chten Sie die Tulpensaison digital erleben? Folgen Sie Tulip Time auf Facebook oder Instagram f\u00fcr atemberaubende Fotos und Updates. Das ist eine tolle M\u00f6glichkeit, Ihren Feed mit Blumen zu bereichern.  <\/p>\n\n<p>Tulpen sind mehr als nur Blumen; sie symbolisieren die Ankunft des Fr\u00fchlings und das Gl\u00fcck. Ob Sie nun in Amsterdam sind oder online zuschauen, dieses Fest sollten Sie nicht verpassen. Merken Sie sich also das Datum vor und bereiten Sie sich auf ein bl\u00fchendes Vergn\u00fcgen vor!  <\/p>\n\n<p><\/p>\n<div class=\"pld-like-dislike-wrap pld-custom\">\r\n    <div class=\"pld-like-wrap  pld-common-wrap\">\r\n    <a href=\"javascript:void(0)\" class=\"pld-like-trigger pld-like-dislike-trigger  \" title=\"Like\" data-post-id=\"7016\" data-trigger-type=\"like\" data-restriction=\"cookie\" data-already-liked=\"0\">\r\n                            <img src=\"https:\/\/morningflora.com\/wp-content\/uploads\/2024\/09\/like-1.svg\" alt=\"Like\" \/>\r\n            <\/a>\r\n    <span class=\"pld-like-count-wrap pld-count-wrap\">5    <\/span>\r\n<\/div><div class=\"pld-dislike-wrap  pld-common-wrap\">\r\n    <a href=\"javascript:void(0)\" class=\"pld-dislike-trigger pld-like-dislike-trigger  \" title=\"Dislike\" data-post-id=\"7016\" data-trigger-type=\"dislike\" data-restriction=\"cookie\" data-already-liked=\"0\">\r\n                            <img src=\"https:\/\/morningflora.com\/wp-content\/uploads\/2024\/09\/unlike.svg\" alt=\"Dislike\" \/>\r\n            <\/a>\r\n    <span class=\"pld-dislike-count-wrap pld-count-wrap\">0<\/span>\r\n<\/div><\/div>","protected":false},"excerpt":{"rendered":"<p>Der Nationale Tulpentag ist wieder da und bringt Freude und Farbe in die grauen Wintertage. Er wird am dritten Samstag im Januar begangen und markiert den offiziellen Beginn der Tulpensaison. Auf dem Amsterdamer Museumplein wird jedes Jahr ein pr\u00e4chtiger Tulpengarten angelegt, der jeden einl\u00e4dt, kostenlos einen Strau\u00df zu pfl\u00fccken. Diese fr\u00f6hliche Veranstaltung ist zu einer [&hellip;]<\/p>\n","protected":false},"author":14,"featured_media":6988,"comment_status":"open","ping_status":"open","sticky":false,"template":"","format":"standard","meta":{"footnotes":""},"categories":[402,483],"tags":[486,485,387,484],"country-name":[70,71],"ppma_author":[8,53],"class_list":["post-7016","post","type-post","status-publish","format-standard","has-post-thumbnail","hentry","category-ereignisse","category-garten","tag-amsterdam-de","tag-nationaler-tulpentag","tag-nl-de","tag-tulpen-tag","country-name-nl","country-name-worldwide","author-admin","author-peter"],"yoast_head":"<!-- This site is optimized with the Yoast SEO plugin v25.3 - https:\/\/yoast.com\/wordpress\/plugins\/seo\/ -->\n<title>Nationaler Tulpentag leitet Tulpensaison ein - Morning Flora<\/title>\n<meta name=\"description\" content=\"Feiern Sie den nationalen Tulpentag in Amsterdam! Entdecken Sie 200.000 Tulpen, kostenlose Str\u00e4u\u00dfe und eine einzigartige Tradition, die den Beginn der Tulpensaison markiert.\" \/>\n<meta name=\"robots\" content=\"index, follow, max-snippet:-1, max-image-preview:large, max-video-preview:-1\" \/>\n<link rel=\"canonical\" href=\"https:\/\/morningflora.com\/de\/nationaler-tulpentag-leitet-tulpensaison-ein\/\" \/>\n<meta property=\"og:locale\" content=\"de_DE\" \/>\n<meta property=\"og:type\" content=\"article\" \/>\n<meta property=\"og:title\" content=\"Nationaler Tulpentag leitet Tulpensaison ein - Morning Flora\" \/>\n<meta property=\"og:description\" content=\"Feiern Sie den nationalen Tulpentag in Amsterdam! Entdecken Sie 200.000 Tulpen, kostenlose Str\u00e4u\u00dfe und eine einzigartige Tradition, die den Beginn der Tulpensaison markiert.\" \/>\n<meta property=\"og:url\" content=\"https:\/\/morningflora.com\/de\/nationaler-tulpentag-leitet-tulpensaison-ein\/\" \/>\n<meta property=\"og:site_name\" content=\"Morning Flora\" \/>\n<meta property=\"article:published_time\" content=\"2024-12-30T10:23:17+00:00\" \/>\n<meta property=\"article:modified_time\" content=\"2024-12-30T10:27:19+00:00\" \/>\n<meta property=\"og:image\" content=\"https:\/\/morningflora.com\/wp-content\/uploads\/2024\/12\/national-tulip-day-kicks-off-tulip-season.jpg\" \/>\n\t<meta property=\"og:image:width\" content=\"1500\" \/>\n\t<meta property=\"og:image:height\" content=\"1040\" \/>\n\t<meta property=\"og:image:type\" content=\"image\/jpeg\" \/>\n<meta name=\"author\" content=\"Morning Florist, Peter\" \/>\n<meta name=\"twitter:card\" content=\"summary_large_image\" \/>\n<meta name=\"twitter:label1\" content=\"Verfasst von\" \/>\n\t<meta name=\"twitter:data1\" content=\"Peter\" \/>\n\t<meta name=\"twitter:label2\" content=\"Gesch\u00e4tzte Lesezeit\" \/>\n\t<meta name=\"twitter:data2\" content=\"2\u00a0Minuten\" \/>\n<script type=\"application\/ld+json\" class=\"yoast-schema-graph\">{\"@context\":\"https:\/\/schema.org\",\"@graph\":[{\"@type\":\"WebPage\",\"@id\":\"https:\/\/morningflora.com\/de\/nationaler-tulpentag-leitet-tulpensaison-ein\/\",\"url\":\"https:\/\/morningflora.com\/de\/nationaler-tulpentag-leitet-tulpensaison-ein\/\",\"name\":\"Nationaler Tulpentag leitet Tulpensaison ein - Morning Flora\",\"isPartOf\":{\"@id\":\"https:\/\/morningflora.com\/de\/#website\"},\"primaryImageOfPage\":{\"@id\":\"https:\/\/morningflora.com\/de\/nationaler-tulpentag-leitet-tulpensaison-ein\/#primaryimage\"},\"image\":{\"@id\":\"https:\/\/morningflora.com\/de\/nationaler-tulpentag-leitet-tulpensaison-ein\/#primaryimage\"},\"thumbnailUrl\":\"https:\/\/morningflora.com\/wp-content\/uploads\/2024\/12\/national-tulip-day-kicks-off-tulip-season.jpg\",\"datePublished\":\"2024-12-30T10:23:17+00:00\",\"dateModified\":\"2024-12-30T10:27:19+00:00\",\"author\":{\"@id\":\"https:\/\/morningflora.com\/de\/#\/schema\/person\/665193ac8c92e86a70ec395f236daf33\"},\"description\":\"Feiern Sie den nationalen Tulpentag in Amsterdam! Entdecken Sie 200.000 Tulpen, kostenlose Str\u00e4u\u00dfe und eine einzigartige Tradition, die den Beginn der Tulpensaison markiert.\",\"breadcrumb\":{\"@id\":\"https:\/\/morningflora.com\/de\/nationaler-tulpentag-leitet-tulpensaison-ein\/#breadcrumb\"},\"inLanguage\":\"de\",\"potentialAction\":[{\"@type\":\"ReadAction\",\"target\":[\"https:\/\/morningflora.com\/de\/nationaler-tulpentag-leitet-tulpensaison-ein\/\"]}]},{\"@type\":\"ImageObject\",\"inLanguage\":\"de\",\"@id\":\"https:\/\/morningflora.com\/de\/nationaler-tulpentag-leitet-tulpensaison-ein\/#primaryimage\",\"url\":\"https:\/\/morningflora.com\/wp-content\/uploads\/2024\/12\/national-tulip-day-kicks-off-tulip-season.jpg\",\"contentUrl\":\"https:\/\/morningflora.com\/wp-content\/uploads\/2024\/12\/national-tulip-day-kicks-off-tulip-season.jpg\",\"width\":1500,\"height\":1040,\"caption\":\"Nationaler Tulpentag leitet Tulpensaison ein\"},{\"@type\":\"BreadcrumbList\",\"@id\":\"https:\/\/morningflora.com\/de\/nationaler-tulpentag-leitet-tulpensaison-ein\/#breadcrumb\",\"itemListElement\":[{\"@type\":\"ListItem\",\"position\":1,\"name\":\"Home\",\"item\":\"https:\/\/morningflora.com\/de\/\"},{\"@type\":\"ListItem\",\"position\":2,\"name\":\"Nationaler Tulpentag leitet Tulpensaison ein\"}]},{\"@type\":\"WebSite\",\"@id\":\"https:\/\/morningflora.com\/de\/#website\",\"url\":\"https:\/\/morningflora.com\/de\/\",\"name\":\"Morning Flora\",\"description\":\"Latest Floriculture News: Insights from Local Growers | New Varieties | Upcoming Events. Stay ahead in\u00a0the\u00a0industry!\",\"alternateName\":\"MF\",\"potentialAction\":[{\"@type\":\"SearchAction\",\"target\":{\"@type\":\"EntryPoint\",\"urlTemplate\":\"https:\/\/morningflora.com\/de\/?s={search_term_string}\"},\"query-input\":{\"@type\":\"PropertyValueSpecification\",\"valueRequired\":true,\"valueName\":\"search_term_string\"}}],\"inLanguage\":\"de\"},{\"@type\":\"Person\",\"@id\":\"https:\/\/morningflora.com\/de\/#\/schema\/person\/665193ac8c92e86a70ec395f236daf33\",\"name\":\"Peter\",\"image\":{\"@type\":\"ImageObject\",\"inLanguage\":\"de\",\"@id\":\"https:\/\/morningflora.com\/de\/#\/schema\/person\/image\/505616de7c59d1de6acd0dc905d95bca\",\"url\":\"https:\/\/secure.gravatar.com\/avatar\/fa48d9b9eb47812a012aea4d12a38568c5bb0800fcbcd73ade468bab7f8ae81c?s=96&d=mm&r=g\",\"contentUrl\":\"https:\/\/secure.gravatar.com\/avatar\/fa48d9b9eb47812a012aea4d12a38568c5bb0800fcbcd73ade468bab7f8ae81c?s=96&d=mm&r=g\",\"caption\":\"Peter\"},\"description\":\"I'm a passionate content writer specializing in floriculture and horticulture news. With a keen eye for seasonal trends and a deep love for nature, I craft engaging and informative articles that highlight flower care tips, gardening updates, floral design inspiration, and industry developments. My writing combines creativity with research, helping readers stay connected to the vibrant world of flowers.\",\"url\":\"https:\/\/morningflora.com\/author\/peter\/\"}]}<\/script>\n<!-- \/ Yoast SEO plugin. -->","yoast_head_json":{"title":"Nationaler Tulpentag leitet Tulpensaison ein - Morning Flora","description":"Feiern Sie den nationalen Tulpentag in Amsterdam! Entdecken Sie 200.000 Tulpen, kostenlose Str\u00e4u\u00dfe und eine einzigartige Tradition, die den Beginn der Tulpensaison markiert.","robots":{"index":"index","follow":"follow","max-snippet":"max-snippet:-1","max-image-preview":"max-image-preview:large","max-video-preview":"max-video-preview:-1"},"canonical":"https:\/\/morningflora.com\/de\/nationaler-tulpentag-leitet-tulpensaison-ein\/","og_locale":"de_DE","og_type":"article","og_title":"Nationaler Tulpentag leitet Tulpensaison ein - Morning Flora","og_description":"Feiern Sie den nationalen Tulpentag in Amsterdam! Entdecken Sie 200.000 Tulpen, kostenlose Str\u00e4u\u00dfe und eine einzigartige Tradition, die den Beginn der Tulpensaison markiert.","og_url":"https:\/\/morningflora.com\/de\/nationaler-tulpentag-leitet-tulpensaison-ein\/","og_site_name":"Morning Flora","article_published_time":"2024-12-30T10:23:17+00:00","article_modified_time":"2024-12-30T10:27:19+00:00","og_image":[{"width":1500,"height":1040,"url":"https:\/\/morningflora.com\/wp-content\/uploads\/2024\/12\/national-tulip-day-kicks-off-tulip-season.jpg","type":"image\/jpeg"}],"author":"Morning Florist, Peter","twitter_card":"summary_large_image","twitter_misc":{"Verfasst von":"Peter","Gesch\u00e4tzte Lesezeit":"2\u00a0Minuten"},"schema":{"@context":"https:\/\/schema.org","@graph":[{"@type":"WebPage","@id":"https:\/\/morningflora.com\/de\/nationaler-tulpentag-leitet-tulpensaison-ein\/","url":"https:\/\/morningflora.com\/de\/nationaler-tulpentag-leitet-tulpensaison-ein\/","name":"Nationaler Tulpentag leitet Tulpensaison ein - Morning Flora","isPartOf":{"@id":"https:\/\/morningflora.com\/de\/#website"},"primaryImageOfPage":{"@id":"https:\/\/morningflora.com\/de\/nationaler-tulpentag-leitet-tulpensaison-ein\/#primaryimage"},"image":{"@id":"https:\/\/morningflora.com\/de\/nationaler-tulpentag-leitet-tulpensaison-ein\/#primaryimage"},"thumbnailUrl":"https:\/\/morningflora.com\/wp-content\/uploads\/2024\/12\/national-tulip-day-kicks-off-tulip-season.jpg","datePublished":"2024-12-30T10:23:17+00:00","dateModified":"2024-12-30T10:27:19+00:00","author":{"@id":"https:\/\/morningflora.com\/de\/#\/schema\/person\/665193ac8c92e86a70ec395f236daf33"},"description":"Feiern Sie den nationalen Tulpentag in Amsterdam! Entdecken Sie 200.000 Tulpen, kostenlose Str\u00e4u\u00dfe und eine einzigartige Tradition, die den Beginn der Tulpensaison markiert.","breadcrumb":{"@id":"https:\/\/morningflora.com\/de\/nationaler-tulpentag-leitet-tulpensaison-ein\/#breadcrumb"},"inLanguage":"de","potentialAction":[{"@type":"ReadAction","target":["https:\/\/morningflora.com\/de\/nationaler-tulpentag-leitet-tulpensaison-ein\/"]}]},{"@type":"ImageObject","inLanguage":"de","@id":"https:\/\/morningflora.com\/de\/nationaler-tulpentag-leitet-tulpensaison-ein\/#primaryimage","url":"https:\/\/morningflora.com\/wp-content\/uploads\/2024\/12\/national-tulip-day-kicks-off-tulip-season.jpg","contentUrl":"https:\/\/morningflora.com\/wp-content\/uploads\/2024\/12\/national-tulip-day-kicks-off-tulip-season.jpg","width":1500,"height":1040,"caption":"Nationaler Tulpentag leitet Tulpensaison ein"},{"@type":"BreadcrumbList","@id":"https:\/\/morningflora.com\/de\/nationaler-tulpentag-leitet-tulpensaison-ein\/#breadcrumb","itemListElement":[{"@type":"ListItem","position":1,"name":"Home","item":"https:\/\/morningflora.com\/de\/"},{"@type":"ListItem","position":2,"name":"Nationaler Tulpentag leitet Tulpensaison ein"}]},{"@type":"WebSite","@id":"https:\/\/morningflora.com\/de\/#website","url":"https:\/\/morningflora.com\/de\/","name":"Morning Flora","description":"Latest Floriculture News: Insights from Local Growers | New Varieties | Upcoming Events. Stay ahead in\u00a0the\u00a0industry!","alternateName":"MF","potentialAction":[{"@type":"SearchAction","target":{"@type":"EntryPoint","urlTemplate":"https:\/\/morningflora.com\/de\/?s={search_term_string}"},"query-input":{"@type":"PropertyValueSpecification","valueRequired":true,"valueName":"search_term_string"}}],"inLanguage":"de"},{"@type":"Person","@id":"https:\/\/morningflora.com\/de\/#\/schema\/person\/665193ac8c92e86a70ec395f236daf33","name":"Peter","image":{"@type":"ImageObject","inLanguage":"de","@id":"https:\/\/morningflora.com\/de\/#\/schema\/person\/image\/505616de7c59d1de6acd0dc905d95bca","url":"https:\/\/secure.gravatar.com\/avatar\/fa48d9b9eb47812a012aea4d12a38568c5bb0800fcbcd73ade468bab7f8ae81c?s=96&d=mm&r=g","contentUrl":"https:\/\/secure.gravatar.com\/avatar\/fa48d9b9eb47812a012aea4d12a38568c5bb0800fcbcd73ade468bab7f8ae81c?s=96&d=mm&r=g","caption":"Peter"},"description":"I'm a passionate content writer specializing in floriculture and horticulture news. With a keen eye for seasonal trends and a deep love for nature, I craft engaging and informative articles that highlight flower care tips, gardening updates, floral design inspiration, and industry developments. My writing combines creativity with research, helping readers stay connected to the vibrant world of flowers.","url":"https:\/\/morningflora.com\/author\/peter\/"}]}},"authors":[{"term_id":8,"user_id":1,"is_guest":0,"slug":"admin","display_name":"Morning Florist","avatar_url":{"url":"https:\/\/morningflora.com\/wp-content\/uploads\/2024\/05\/aoYBzq.jpg","url2x":"https:\/\/morningflora.com\/wp-content\/uploads\/2024\/05\/aoYBzq.jpg"},"author_category":"","first_name":"","last_name":"","user_url":"https:\/\/morningflora.com","first_name_2":"","last_name_2":"","user_email_2":"","job_title":"","description":""},{"term_id":53,"user_id":14,"is_guest":0,"slug":"peter","display_name":"Peter","avatar_url":"https:\/\/secure.gravatar.com\/avatar\/fa48d9b9eb47812a012aea4d12a38568c5bb0800fcbcd73ade468bab7f8ae81c?s=96&d=mm&r=g","author_category":"","first_name":"Chijioke Emmanuel (Peter)","last_name":"Ezeh","user_url":"","first_name_2":"","last_name_2":"","user_email_2":"","job_title":"","description":"I'm a passionate content writer specializing in floriculture and horticulture news. With a keen eye for seasonal trends and a deep love for nature, I craft engaging and informative articles that highlight flower care tips, gardening updates, floral design inspiration, and industry developments. My writing combines creativity with research, helping readers stay connected to the vibrant world of flowers."}],"_links":{"self":[{"href":"https:\/\/morningflora.com\/de\/wp-json\/wp\/v2\/posts\/7016","targetHints":{"allow":["GET"]}}],"collection":[{"href":"https:\/\/morningflora.com\/de\/wp-json\/wp\/v2\/posts"}],"about":[{"href":"https:\/\/morningflora.com\/de\/wp-json\/wp\/v2\/types\/post"}],"author":[{"embeddable":true,"href":"https:\/\/morningflora.com\/de\/wp-json\/wp\/v2\/users\/14"}],"replies":[{"embeddable":true,"href":"https:\/\/morningflora.com\/de\/wp-json\/wp\/v2\/comments?post=7016"}],"version-history":[{"count":1,"href":"https:\/\/morningflora.com\/de\/wp-json\/wp\/v2\/posts\/7016\/revisions"}],"predecessor-version":[{"id":7017,"href":"https:\/\/morningflora.com\/de\/wp-json\/wp\/v2\/posts\/7016\/revisions\/7017"}],"wp:featuredmedia":[{"embeddable":true,"href":"https:\/\/morningflora.com\/de\/wp-json\/wp\/v2\/media\/6988"}],"wp:attachment":[{"href":"https:\/\/morningflora.com\/de\/wp-json\/wp\/v2\/media?parent=7016"}],"wp:term":[{"taxonomy":"category","embeddable":true,"href":"https:\/\/morningflora.com\/de\/wp-json\/wp\/v2\/categories?post=7016"},{"taxonomy":"post_tag","embeddable":true,"href":"https:\/\/morningflora.com\/de\/wp-json\/wp\/v2\/tags?post=7016"},{"taxonomy":"country-name","embeddable":true,"href":"https:\/\/morningflora.com\/de\/wp-json\/wp\/v2\/country-name?post=7016"},{"taxonomy":"author","embeddable":true,"href":"https:\/\/morningflora.com\/de\/wp-json\/wp\/v2\/ppma_author?post=7016"}],"curies":[{"name":"wp","href":"https:\/\/api.w.org\/{rel}","templated":true}]}}