{"id":22931,"date":"2025-01-14T11:14:24","date_gmt":"2025-01-14T11:14:24","guid":{"rendered":"https:\/\/morningflora.com\/prix-de-laiph-pour-le-producteur-international-de-lannee-2025-a-lipm-essen\/"},"modified":"2025-01-14T11:15:50","modified_gmt":"2025-01-14T11:15:50","slug":"prix-de-laiph-pour-le-producteur-international-de-lannee-2025-a-lipm-essen","status":"publish","type":"post","link":"https:\/\/morningflora.com\/fr\/prix-de-laiph-pour-le-producteur-international-de-lannee-2025-a-lipm-essen\/","title":{"rendered":"Prix de l&rsquo;AIPH pour le producteur international de l&rsquo;ann\u00e9e 2025 \u00e0 l&rsquo;IPM Essen"},"content":{"rendered":"\n<p>Le tr\u00e8s attendu <a href=\"https:\/\/aiph.org\/event\/igoty-2025\/\">AIPH International Grower of the Year<\/a> (IGOTY) Award est de retour pour 2025 ! L&rsquo;\u00e9v\u00e9nement aura lieu le 28 janvier \u00e0 IPM Essen et sera un moment cl\u00e9 pour la communaut\u00e9 horticole. Cet \u00e9v\u00e9nement passionnant est devenu un rendez-vous incontournable, c\u00e9l\u00e9brant les meilleures performances de l&rsquo;horticulture ornementale \u00e0 l&rsquo;\u00e9chelle mondiale. Que vous soyez cultivateur ou passionn\u00e9 du secteur, vous ne voudrez pas manquer cet \u00e9v\u00e9nement !    <\/p>\n\n<h2 class=\"wp-block-heading has-medium-font-size\">AIPH International Grower : Reconna\u00eetre l&rsquo;excellence dans la production ornementale<\/h2>\n\n<p>Depuis leur lancement en 2009, les IGOTY Awards ont mis en lumi\u00e8re des producteurs exceptionnels du monde entier. Ces prix r\u00e9compensent l&rsquo;excellence dans les p\u00e9pini\u00e8res de production ornementale et c\u00e9l\u00e8brent l&rsquo;innovation, le d\u00e9vouement et la durabilit\u00e9 dans le secteur. Il ne s&rsquo;agit pas seulement d&rsquo;un troph\u00e9e brillant ; il s&rsquo;agit d&rsquo;honorer le meilleur de la production horticole et d&rsquo;encourager les autres \u00e0 faire de m\u00eame.  <\/p>\n\n<p>La c\u00e9r\u00e9monie est importante, car elle offre aux participants l&rsquo;occasion d&rsquo;acqu\u00e9rir des connaissances pr\u00e9cieuses sur le secteur tout en r\u00e9compensant les meilleurs horticulteurs de l&rsquo;ann\u00e9e. Il s&rsquo;agit non seulement de c\u00e9l\u00e9brer les r\u00e9alisations, mais aussi de donner le ton pour l&rsquo;avenir des pratiques horticoles. <\/p>\n\n<h2 class=\"wp-block-heading has-medium-font-size\">Possibilit\u00e9s de r\u00e9seautage et de parrainage lors de la c\u00e9r\u00e9monie de remise des prix 2025<\/h2>\n\n<p>Les prix IGOTY 2025 offrent \u00e9galement des possibilit\u00e9s de r\u00e9seautage int\u00e9ressantes. Si vous \u00eates un producteur, un fournisseur ou un homologue de l&rsquo;industrie, cet \u00e9v\u00e9nement est l&rsquo;occasion d&rsquo;entrer en contact avec des professionnels partageant les m\u00eames id\u00e9es. Vous pouvez y assister, participer \u00e0 la comp\u00e9tition ou m\u00eame sponsoriser l&rsquo;\u00e9v\u00e9nement afin de pr\u00e9senter votre marque \u00e0 un public international.  <\/p>\n\n<p>Avec des sponsors de premier plan comme MPS et GlobalG.A.P., les prix IGOTY sont ind\u00e9niablement un \u00e9v\u00e9nement \u00e0 ne pas manquer. Les billets pour la c\u00e9r\u00e9monie co\u00fbtent 120 euros, ce qui comprend un d\u00eener buffet et des boissons de c\u00e9l\u00e9bration.   <\/p>\n\n<p><\/p>\n<div class=\"pld-like-dislike-wrap pld-custom\">\r\n    <div class=\"pld-like-wrap  pld-common-wrap\">\r\n    <a href=\"javascript:void(0)\" class=\"pld-like-trigger pld-like-dislike-trigger  \" title=\"Like\" data-post-id=\"22931\" data-trigger-type=\"like\" data-restriction=\"cookie\" data-already-liked=\"0\">\r\n                            <img src=\"https:\/\/morningflora.com\/wp-content\/uploads\/2024\/09\/like-1.svg\" alt=\"Like\" \/>\r\n            <\/a>\r\n    <span class=\"pld-like-count-wrap pld-count-wrap\">7    <\/span>\r\n<\/div><div class=\"pld-dislike-wrap  pld-common-wrap\">\r\n    <a href=\"javascript:void(0)\" class=\"pld-dislike-trigger pld-like-dislike-trigger  \" title=\"Dislike\" data-post-id=\"22931\" data-trigger-type=\"dislike\" data-restriction=\"cookie\" data-already-liked=\"0\">\r\n                            <img src=\"https:\/\/morningflora.com\/wp-content\/uploads\/2024\/09\/unlike.svg\" alt=\"Dislike\" \/>\r\n            <\/a>\r\n    <span class=\"pld-dislike-count-wrap pld-count-wrap\">0<\/span>\r\n<\/div><\/div>","protected":false},"excerpt":{"rendered":"<p>Le tr\u00e8s attendu AIPH International Grower of the Year (IGOTY) Award est de retour pour 2025 ! L&rsquo;\u00e9v\u00e9nement aura lieu le 28 janvier \u00e0 IPM Essen et sera un moment cl\u00e9 pour la communaut\u00e9 horticole. Cet \u00e9v\u00e9nement passionnant est devenu un rendez-vous incontournable, c\u00e9l\u00e9brant les meilleures performances de l&rsquo;horticulture ornementale \u00e0 l&rsquo;\u00e9chelle mondiale. Que vous [&hellip;]<\/p>\n","protected":false},"author":14,"featured_media":22928,"comment_status":"open","ping_status":"open","sticky":false,"template":"","format":"standard","meta":{"footnotes":""},"categories":[397,494,396],"tags":[535,571],"country-name":[529,71],"ppma_author":[8,53],"class_list":["post-22931","post","type-post","status-publish","format-standard","has-post-thumbnail","hentry","category-evenements","category-fleuristes","category-producteurs","tag-allemagne","tag-ipm-essen-fr","country-name-germany","country-name-worldwide","author-admin","author-peter"],"yoast_head":"<!-- This site is optimized with the Yoast SEO plugin v25.3 - https:\/\/yoast.com\/wordpress\/plugins\/seo\/ -->\n<title>Prix de l&#039;AIPH pour le producteur international de l&#039;ann\u00e9e 2025 \u00e0 l&#039;IPM Essen - Morning Flora<\/title>\n<meta name=\"description\" content=\"Participez \u00e0 la remise des prix de l&#039;AIPH International Grower of the Year 2025 (producteur international de l&#039;ann\u00e9e 2025) \u00e0 IPM Essen le 28 janvier. C\u00e9l\u00e9brez l&#039;excellence dans l&#039;horticulture ornementale.\" \/>\n<meta name=\"robots\" content=\"index, follow, max-snippet:-1, max-image-preview:large, max-video-preview:-1\" \/>\n<link rel=\"canonical\" href=\"https:\/\/morningflora.com\/fr\/prix-de-laiph-pour-le-producteur-international-de-lannee-2025-a-lipm-essen\/\" \/>\n<meta property=\"og:locale\" content=\"fr_FR\" \/>\n<meta property=\"og:type\" content=\"article\" \/>\n<meta property=\"og:title\" content=\"Prix de l&#039;AIPH pour le producteur international de l&#039;ann\u00e9e 2025 \u00e0 l&#039;IPM Essen - Morning Flora\" \/>\n<meta property=\"og:description\" content=\"Participez \u00e0 la remise des prix de l&#039;AIPH International Grower of the Year 2025 (producteur international de l&#039;ann\u00e9e 2025) \u00e0 IPM Essen le 28 janvier. C\u00e9l\u00e9brez l&#039;excellence dans l&#039;horticulture ornementale.\" \/>\n<meta property=\"og:url\" content=\"https:\/\/morningflora.com\/fr\/prix-de-laiph-pour-le-producteur-international-de-lannee-2025-a-lipm-essen\/\" \/>\n<meta property=\"og:site_name\" content=\"Morning Flora\" \/>\n<meta property=\"article:published_time\" content=\"2025-01-14T11:14:24+00:00\" \/>\n<meta property=\"article:modified_time\" content=\"2025-01-14T11:15:50+00:00\" \/>\n<meta property=\"og:image\" content=\"https:\/\/morningflora.com\/wp-content\/uploads\/2025\/01\/MorningFloristCoverPhoto-5.jpeg\" \/>\n\t<meta property=\"og:image:width\" content=\"1200\" \/>\n\t<meta property=\"og:image:height\" content=\"693\" \/>\n\t<meta property=\"og:image:type\" content=\"image\/jpeg\" \/>\n<meta name=\"author\" content=\"Morning Florist, Peter\" \/>\n<meta name=\"twitter:card\" content=\"summary_large_image\" \/>\n<meta name=\"twitter:label1\" content=\"\u00c9crit par\" \/>\n\t<meta name=\"twitter:data1\" content=\"Peter\" \/>\n\t<meta name=\"twitter:label2\" content=\"Dur\u00e9e de lecture estim\u00e9e\" \/>\n\t<meta name=\"twitter:data2\" content=\"2 minutes\" \/>\n<script type=\"application\/ld+json\" class=\"yoast-schema-graph\">{\"@context\":\"https:\/\/schema.org\",\"@graph\":[{\"@type\":\"WebPage\",\"@id\":\"https:\/\/morningflora.com\/fr\/prix-de-laiph-pour-le-producteur-international-de-lannee-2025-a-lipm-essen\/\",\"url\":\"https:\/\/morningflora.com\/fr\/prix-de-laiph-pour-le-producteur-international-de-lannee-2025-a-lipm-essen\/\",\"name\":\"Prix de l'AIPH pour le producteur international de l'ann\u00e9e 2025 \u00e0 l'IPM Essen - Morning Flora\",\"isPartOf\":{\"@id\":\"https:\/\/morningflora.com\/fr\/#website\"},\"primaryImageOfPage\":{\"@id\":\"https:\/\/morningflora.com\/fr\/prix-de-laiph-pour-le-producteur-international-de-lannee-2025-a-lipm-essen\/#primaryimage\"},\"image\":{\"@id\":\"https:\/\/morningflora.com\/fr\/prix-de-laiph-pour-le-producteur-international-de-lannee-2025-a-lipm-essen\/#primaryimage\"},\"thumbnailUrl\":\"https:\/\/morningflora.com\/wp-content\/uploads\/2025\/01\/MorningFloristCoverPhoto-5.jpeg\",\"datePublished\":\"2025-01-14T11:14:24+00:00\",\"dateModified\":\"2025-01-14T11:15:50+00:00\",\"author\":{\"@id\":\"https:\/\/morningflora.com\/fr\/#\/schema\/person\/665193ac8c92e86a70ec395f236daf33\"},\"description\":\"Participez \u00e0 la remise des prix de l'AIPH International Grower of the Year 2025 (producteur international de l'ann\u00e9e 2025) \u00e0 IPM Essen le 28 janvier. C\u00e9l\u00e9brez l'excellence dans l'horticulture ornementale.\",\"breadcrumb\":{\"@id\":\"https:\/\/morningflora.com\/fr\/prix-de-laiph-pour-le-producteur-international-de-lannee-2025-a-lipm-essen\/#breadcrumb\"},\"inLanguage\":\"fr-FR\",\"potentialAction\":[{\"@type\":\"ReadAction\",\"target\":[\"https:\/\/morningflora.com\/fr\/prix-de-laiph-pour-le-producteur-international-de-lannee-2025-a-lipm-essen\/\"]}]},{\"@type\":\"ImageObject\",\"inLanguage\":\"fr-FR\",\"@id\":\"https:\/\/morningflora.com\/fr\/prix-de-laiph-pour-le-producteur-international-de-lannee-2025-a-lipm-essen\/#primaryimage\",\"url\":\"https:\/\/morningflora.com\/wp-content\/uploads\/2025\/01\/MorningFloristCoverPhoto-5.jpeg\",\"contentUrl\":\"https:\/\/morningflora.com\/wp-content\/uploads\/2025\/01\/MorningFloristCoverPhoto-5.jpeg\",\"width\":1200,\"height\":693,\"caption\":\"Prix de l'AIPH pour le producteur international de l'ann\u00e9e 2025 \u00e0 l'IPM Essen\"},{\"@type\":\"BreadcrumbList\",\"@id\":\"https:\/\/morningflora.com\/fr\/prix-de-laiph-pour-le-producteur-international-de-lannee-2025-a-lipm-essen\/#breadcrumb\",\"itemListElement\":[{\"@type\":\"ListItem\",\"position\":1,\"name\":\"Home\",\"item\":\"https:\/\/morningflora.com\/fr\/\"},{\"@type\":\"ListItem\",\"position\":2,\"name\":\"Prix de l&#8217;AIPH pour le producteur international de l&#8217;ann\u00e9e 2025 \u00e0 l&#8217;IPM Essen\"}]},{\"@type\":\"WebSite\",\"@id\":\"https:\/\/morningflora.com\/fr\/#website\",\"url\":\"https:\/\/morningflora.com\/fr\/\",\"name\":\"Morning Flora\",\"description\":\"Latest Floriculture News: Insights from Local Growers | New Varieties | Upcoming Events. Stay ahead in\u00a0the\u00a0industry!\",\"alternateName\":\"MF\",\"potentialAction\":[{\"@type\":\"SearchAction\",\"target\":{\"@type\":\"EntryPoint\",\"urlTemplate\":\"https:\/\/morningflora.com\/fr\/?s={search_term_string}\"},\"query-input\":{\"@type\":\"PropertyValueSpecification\",\"valueRequired\":true,\"valueName\":\"search_term_string\"}}],\"inLanguage\":\"fr-FR\"},{\"@type\":\"Person\",\"@id\":\"https:\/\/morningflora.com\/fr\/#\/schema\/person\/665193ac8c92e86a70ec395f236daf33\",\"name\":\"Peter\",\"image\":{\"@type\":\"ImageObject\",\"inLanguage\":\"fr-FR\",\"@id\":\"https:\/\/morningflora.com\/fr\/#\/schema\/person\/image\/505616de7c59d1de6acd0dc905d95bca\",\"url\":\"https:\/\/secure.gravatar.com\/avatar\/fa48d9b9eb47812a012aea4d12a38568c5bb0800fcbcd73ade468bab7f8ae81c?s=96&d=mm&r=g\",\"contentUrl\":\"https:\/\/secure.gravatar.com\/avatar\/fa48d9b9eb47812a012aea4d12a38568c5bb0800fcbcd73ade468bab7f8ae81c?s=96&d=mm&r=g\",\"caption\":\"Peter\"},\"description\":\"I'm a passionate content writer specializing in floriculture and horticulture news. With a keen eye for seasonal trends and a deep love for nature, I craft engaging and informative articles that highlight flower care tips, gardening updates, floral design inspiration, and industry developments. My writing combines creativity with research, helping readers stay connected to the vibrant world of flowers.\",\"url\":\"https:\/\/morningflora.com\/author\/peter\/\"}]}<\/script>\n<!-- \/ Yoast SEO plugin. -->","yoast_head_json":{"title":"Prix de l'AIPH pour le producteur international de l'ann\u00e9e 2025 \u00e0 l'IPM Essen - Morning Flora","description":"Participez \u00e0 la remise des prix de l'AIPH International Grower of the Year 2025 (producteur international de l'ann\u00e9e 2025) \u00e0 IPM Essen le 28 janvier. C\u00e9l\u00e9brez l'excellence dans l'horticulture ornementale.","robots":{"index":"index","follow":"follow","max-snippet":"max-snippet:-1","max-image-preview":"max-image-preview:large","max-video-preview":"max-video-preview:-1"},"canonical":"https:\/\/morningflora.com\/fr\/prix-de-laiph-pour-le-producteur-international-de-lannee-2025-a-lipm-essen\/","og_locale":"fr_FR","og_type":"article","og_title":"Prix de l'AIPH pour le producteur international de l'ann\u00e9e 2025 \u00e0 l'IPM Essen - Morning Flora","og_description":"Participez \u00e0 la remise des prix de l'AIPH International Grower of the Year 2025 (producteur international de l'ann\u00e9e 2025) \u00e0 IPM Essen le 28 janvier. C\u00e9l\u00e9brez l'excellence dans l'horticulture ornementale.","og_url":"https:\/\/morningflora.com\/fr\/prix-de-laiph-pour-le-producteur-international-de-lannee-2025-a-lipm-essen\/","og_site_name":"Morning Flora","article_published_time":"2025-01-14T11:14:24+00:00","article_modified_time":"2025-01-14T11:15:50+00:00","og_image":[{"width":1200,"height":693,"url":"https:\/\/morningflora.com\/wp-content\/uploads\/2025\/01\/MorningFloristCoverPhoto-5.jpeg","type":"image\/jpeg"}],"author":"Morning Florist, Peter","twitter_card":"summary_large_image","twitter_misc":{"\u00c9crit par":"Peter","Dur\u00e9e de lecture estim\u00e9e":"2 minutes"},"schema":{"@context":"https:\/\/schema.org","@graph":[{"@type":"WebPage","@id":"https:\/\/morningflora.com\/fr\/prix-de-laiph-pour-le-producteur-international-de-lannee-2025-a-lipm-essen\/","url":"https:\/\/morningflora.com\/fr\/prix-de-laiph-pour-le-producteur-international-de-lannee-2025-a-lipm-essen\/","name":"Prix de l'AIPH pour le producteur international de l'ann\u00e9e 2025 \u00e0 l'IPM Essen - Morning Flora","isPartOf":{"@id":"https:\/\/morningflora.com\/fr\/#website"},"primaryImageOfPage":{"@id":"https:\/\/morningflora.com\/fr\/prix-de-laiph-pour-le-producteur-international-de-lannee-2025-a-lipm-essen\/#primaryimage"},"image":{"@id":"https:\/\/morningflora.com\/fr\/prix-de-laiph-pour-le-producteur-international-de-lannee-2025-a-lipm-essen\/#primaryimage"},"thumbnailUrl":"https:\/\/morningflora.com\/wp-content\/uploads\/2025\/01\/MorningFloristCoverPhoto-5.jpeg","datePublished":"2025-01-14T11:14:24+00:00","dateModified":"2025-01-14T11:15:50+00:00","author":{"@id":"https:\/\/morningflora.com\/fr\/#\/schema\/person\/665193ac8c92e86a70ec395f236daf33"},"description":"Participez \u00e0 la remise des prix de l'AIPH International Grower of the Year 2025 (producteur international de l'ann\u00e9e 2025) \u00e0 IPM Essen le 28 janvier. C\u00e9l\u00e9brez l'excellence dans l'horticulture ornementale.","breadcrumb":{"@id":"https:\/\/morningflora.com\/fr\/prix-de-laiph-pour-le-producteur-international-de-lannee-2025-a-lipm-essen\/#breadcrumb"},"inLanguage":"fr-FR","potentialAction":[{"@type":"ReadAction","target":["https:\/\/morningflora.com\/fr\/prix-de-laiph-pour-le-producteur-international-de-lannee-2025-a-lipm-essen\/"]}]},{"@type":"ImageObject","inLanguage":"fr-FR","@id":"https:\/\/morningflora.com\/fr\/prix-de-laiph-pour-le-producteur-international-de-lannee-2025-a-lipm-essen\/#primaryimage","url":"https:\/\/morningflora.com\/wp-content\/uploads\/2025\/01\/MorningFloristCoverPhoto-5.jpeg","contentUrl":"https:\/\/morningflora.com\/wp-content\/uploads\/2025\/01\/MorningFloristCoverPhoto-5.jpeg","width":1200,"height":693,"caption":"Prix de l'AIPH pour le producteur international de l'ann\u00e9e 2025 \u00e0 l'IPM Essen"},{"@type":"BreadcrumbList","@id":"https:\/\/morningflora.com\/fr\/prix-de-laiph-pour-le-producteur-international-de-lannee-2025-a-lipm-essen\/#breadcrumb","itemListElement":[{"@type":"ListItem","position":1,"name":"Home","item":"https:\/\/morningflora.com\/fr\/"},{"@type":"ListItem","position":2,"name":"Prix de l&#8217;AIPH pour le producteur international de l&#8217;ann\u00e9e 2025 \u00e0 l&#8217;IPM Essen"}]},{"@type":"WebSite","@id":"https:\/\/morningflora.com\/fr\/#website","url":"https:\/\/morningflora.com\/fr\/","name":"Morning Flora","description":"Latest Floriculture News: Insights from Local Growers | New Varieties | Upcoming Events. Stay ahead in\u00a0the\u00a0industry!","alternateName":"MF","potentialAction":[{"@type":"SearchAction","target":{"@type":"EntryPoint","urlTemplate":"https:\/\/morningflora.com\/fr\/?s={search_term_string}"},"query-input":{"@type":"PropertyValueSpecification","valueRequired":true,"valueName":"search_term_string"}}],"inLanguage":"fr-FR"},{"@type":"Person","@id":"https:\/\/morningflora.com\/fr\/#\/schema\/person\/665193ac8c92e86a70ec395f236daf33","name":"Peter","image":{"@type":"ImageObject","inLanguage":"fr-FR","@id":"https:\/\/morningflora.com\/fr\/#\/schema\/person\/image\/505616de7c59d1de6acd0dc905d95bca","url":"https:\/\/secure.gravatar.com\/avatar\/fa48d9b9eb47812a012aea4d12a38568c5bb0800fcbcd73ade468bab7f8ae81c?s=96&d=mm&r=g","contentUrl":"https:\/\/secure.gravatar.com\/avatar\/fa48d9b9eb47812a012aea4d12a38568c5bb0800fcbcd73ade468bab7f8ae81c?s=96&d=mm&r=g","caption":"Peter"},"description":"I'm a passionate content writer specializing in floriculture and horticulture news. With a keen eye for seasonal trends and a deep love for nature, I craft engaging and informative articles that highlight flower care tips, gardening updates, floral design inspiration, and industry developments. My writing combines creativity with research, helping readers stay connected to the vibrant world of flowers.","url":"https:\/\/morningflora.com\/author\/peter\/"}]}},"authors":[{"term_id":8,"user_id":1,"is_guest":0,"slug":"admin","display_name":"Morning Florist","avatar_url":{"url":"https:\/\/morningflora.com\/wp-content\/uploads\/2024\/05\/aoYBzq.jpg","url2x":"https:\/\/morningflora.com\/wp-content\/uploads\/2024\/05\/aoYBzq.jpg"},"author_category":"","first_name":"","last_name":"","user_url":"https:\/\/morningflora.com","first_name_2":"","last_name_2":"","user_email_2":"","job_title":"","description":""},{"term_id":53,"user_id":14,"is_guest":0,"slug":"peter","display_name":"Peter","avatar_url":"https:\/\/secure.gravatar.com\/avatar\/fa48d9b9eb47812a012aea4d12a38568c5bb0800fcbcd73ade468bab7f8ae81c?s=96&d=mm&r=g","author_category":"","first_name":"Chijioke Emmanuel (Peter)","last_name":"Ezeh","user_url":"","first_name_2":"","last_name_2":"","user_email_2":"","job_title":"","description":"I'm a passionate content writer specializing in floriculture and horticulture news. With a keen eye for seasonal trends and a deep love for nature, I craft engaging and informative articles that highlight flower care tips, gardening updates, floral design inspiration, and industry developments. My writing combines creativity with research, helping readers stay connected to the vibrant world of flowers."}],"_links":{"self":[{"href":"https:\/\/morningflora.com\/fr\/wp-json\/wp\/v2\/posts\/22931","targetHints":{"allow":["GET"]}}],"collection":[{"href":"https:\/\/morningflora.com\/fr\/wp-json\/wp\/v2\/posts"}],"about":[{"href":"https:\/\/morningflora.com\/fr\/wp-json\/wp\/v2\/types\/post"}],"author":[{"embeddable":true,"href":"https:\/\/morningflora.com\/fr\/wp-json\/wp\/v2\/users\/14"}],"replies":[{"embeddable":true,"href":"https:\/\/morningflora.com\/fr\/wp-json\/wp\/v2\/comments?post=22931"}],"version-history":[{"count":1,"href":"https:\/\/morningflora.com\/fr\/wp-json\/wp\/v2\/posts\/22931\/revisions"}],"predecessor-version":[{"id":22932,"href":"https:\/\/morningflora.com\/fr\/wp-json\/wp\/v2\/posts\/22931\/revisions\/22932"}],"wp:featuredmedia":[{"embeddable":true,"href":"https:\/\/morningflora.com\/fr\/wp-json\/wp\/v2\/media\/22928"}],"wp:attachment":[{"href":"https:\/\/morningflora.com\/fr\/wp-json\/wp\/v2\/media?parent=22931"}],"wp:term":[{"taxonomy":"category","embeddable":true,"href":"https:\/\/morningflora.com\/fr\/wp-json\/wp\/v2\/categories?post=22931"},{"taxonomy":"post_tag","embeddable":true,"href":"https:\/\/morningflora.com\/fr\/wp-json\/wp\/v2\/tags?post=22931"},{"taxonomy":"country-name","embeddable":true,"href":"https:\/\/morningflora.com\/fr\/wp-json\/wp\/v2\/country-name?post=22931"},{"taxonomy":"author","embeddable":true,"href":"https:\/\/morningflora.com\/fr\/wp-json\/wp\/v2\/ppma_author?post=22931"}],"curies":[{"name":"wp","href":"https:\/\/api.w.org\/{rel}","templated":true}]}}