{"id":6633,"date":"2024-12-19T08:47:19","date_gmt":"2024-12-19T08:47:19","guid":{"rendered":"https:\/\/morningflora.com\/caroline-daines-est-nommee-conceptrice-du-festival-des-fleurs\/"},"modified":"2024-12-21T14:39:13","modified_gmt":"2024-12-21T14:39:13","slug":"caroline-daines-est-nommee-conceptrice-du-festival-des-fleurs","status":"publish","type":"post","link":"https:\/\/morningflora.com\/fr\/caroline-daines-est-nommee-conceptrice-du-festival-des-fleurs\/","title":{"rendered":"Caroline Daines est nomm\u00e9e conceptrice du Festival des fleurs"},"content":{"rendered":"\n<p>La cath\u00e9drale de Chichester a officiellement annonc\u00e9 que <a href=\"https:\/\/www.chichestercathedral.org.uk\/news\/florist-caroline-daines-announced-designer-chichester-cathedrals-festival-flowers-2026\">Caroline Daines<\/a> serait la conceptrice de son Festival des fleurs 2026. Connue pour son art floral exceptionnel et son flair cr\u00e9atif, Caroline promet d&rsquo;offrir une exp\u00e9rience florale inoubliable lors de cet \u00e9v\u00e9nement tr\u00e8s attendu.<\/p>\n\n<h2 class=\"wp-block-heading has-medium-font-size\">L&rsquo;art floral transforme la cath\u00e9drale de Chichester<\/h2>\n\n<p>Caroline Daines, fondatrice de Nordic Twigs, bas\u00e9e dans le Sussex, est r\u00e9put\u00e9e pour son style unique qui allie la simplicit\u00e9 nordique \u00e0 l&rsquo;h\u00e9ritage britannique.\nSon travail refl\u00e8te la beaut\u00e9 naturelle du West Sussex, o\u00f9 elle vit depuis pr\u00e8s de 15 ans. <\/p>\n\n<p>\u00c0 propos de sa nomination, Caroline a fait part de son enthousiasme.\n\u00ab\u00a0C&rsquo;est un honneur de concevoir un espace aussi historique et impressionnant.\nJ&rsquo;ai h\u00e2te de cr\u00e9er une histoire florale qui captivera chaque visiteur\u00a0\u00bb.  <\/p>\n\n<p>Le Festival des fleurs verra les espaces historiques de la cath\u00e9drale de Chichester se transformer en un chef-d&rsquo;\u0153uvre floral \u00e9poustouflant.\nGr\u00e2ce \u00e0 la vision cr\u00e9ative de Caroline et au soutien d&rsquo;une \u00e9quipe de b\u00e9n\u00e9voles d\u00e9vou\u00e9s, l&rsquo;\u00e9v\u00e9nement promet une exp\u00e9rience sensorielle \u00e0 couper le souffle. <\/p>\n\n<h2 class=\"wp-block-heading has-medium-font-size\">Dates du festival annonc\u00e9es : du 3 au 6 juin 2026<\/h2>\n\n<p>\u00c0 noter dans vos agendas !\nLe Festival des fleurs 2026 se d\u00e9roulera du 3 au 6 juin \u00e0 la cath\u00e9drale de Chichester.\nCet \u00e9v\u00e9nement tr\u00e8s pris\u00e9 attire des milliers de visiteurs d\u00e9sireux d&rsquo;admirer des compositions florales spectaculaires tout en soutenant une cause importante.  <\/p>\n\n<p>Le doyen de Chichester, le tr\u00e8s r\u00e9v\u00e9rend Dr Edward Dowler, a salu\u00e9 la nomination de Caroline.\n\u00ab\u00a0Son talent et sa passion font d&rsquo;elle la personne id\u00e9ale pour diriger le festival.\nSes cr\u00e9ations cr\u00e9eront une exp\u00e9rience inoubliable\u00a0\u00bb.  <\/p>\n\n<p>La pr\u00e9sidente du festival, Hilary Tupper, et des b\u00e9n\u00e9voles d\u00e9vou\u00e9s aideront \u00e0 donner vie \u00e0 la grande vision florale de la cath\u00e9drale.\nDepuis sa cr\u00e9ation, l&rsquo;\u00e9v\u00e9nement a permis de r\u00e9colter plus de 2,5 millions de livres sterling pour le fonds de restauration et de d\u00e9veloppement de la cath\u00e9drale. <\/p>\n\n<p>Les d\u00e9tails concernant les billets seront annonc\u00e9s prochainement sur le site officiel de la cath\u00e9drale.\nPr\u00e9parez-vous \u00e0 une remarquable c\u00e9l\u00e9bration des fleurs, de l&rsquo;histoire et de l&rsquo;esprit communautaire. <\/p>\n\n<p><\/p>\n<div class=\"pld-like-dislike-wrap pld-custom\">\r\n    <div class=\"pld-like-wrap  pld-common-wrap\">\r\n    <a href=\"javascript:void(0)\" class=\"pld-like-trigger pld-like-dislike-trigger  \" title=\"Like\" data-post-id=\"6633\" data-trigger-type=\"like\" data-restriction=\"cookie\" data-already-liked=\"0\">\r\n                            <img src=\"https:\/\/morningflora.com\/wp-content\/uploads\/2024\/09\/like-1.svg\" alt=\"Like\" \/>\r\n            <\/a>\r\n    <span class=\"pld-like-count-wrap pld-count-wrap\">3    <\/span>\r\n<\/div><div class=\"pld-dislike-wrap  pld-common-wrap\">\r\n    <a href=\"javascript:void(0)\" class=\"pld-dislike-trigger pld-like-dislike-trigger  \" title=\"Dislike\" data-post-id=\"6633\" data-trigger-type=\"dislike\" data-restriction=\"cookie\" data-already-liked=\"0\">\r\n                            <img src=\"https:\/\/morningflora.com\/wp-content\/uploads\/2024\/09\/unlike.svg\" alt=\"Dislike\" \/>\r\n            <\/a>\r\n    <span class=\"pld-dislike-count-wrap pld-count-wrap\">0<\/span>\r\n<\/div><\/div>","protected":false},"excerpt":{"rendered":"<p>La cath\u00e9drale de Chichester a officiellement annonc\u00e9 que Caroline Daines serait la conceptrice de son Festival des fleurs 2026. Connue pour son art floral exceptionnel et son flair cr\u00e9atif, Caroline promet d&rsquo;offrir une exp\u00e9rience florale inoubliable lors de cet \u00e9v\u00e9nement tr\u00e8s attendu. L&rsquo;art floral transforme la cath\u00e9drale de Chichester Caroline Daines, fondatrice de Nordic Twigs, [&hellip;]<\/p>\n","protected":false},"author":14,"featured_media":6424,"comment_status":"open","ping_status":"open","sticky":false,"template":"","format":"standard","meta":{"footnotes":""},"categories":[397],"tags":[398],"country-name":[68,71],"ppma_author":[53,8],"class_list":["post-6633","post","type-post","status-publish","format-standard","has-post-thumbnail","hentry","category-evenements","tag-royaume-uni","country-name-uk","country-name-worldwide","author-peter","author-admin"],"yoast_head":"<!-- This site is optimized with the Yoast SEO plugin v25.3 - https:\/\/yoast.com\/wordpress\/plugins\/seo\/ -->\n<title>Caroline Daines est nomm\u00e9e conceptrice du Festival des fleurs - Morning Flora<\/title>\n<meta name=\"description\" content=\"La cath\u00e9drale de Chichester annonce que Caroline Daines sera la conceptrice du Festival des fleurs de 2026. Du 3 au 6 juin 2026.\" \/>\n<meta name=\"robots\" content=\"index, follow, max-snippet:-1, max-image-preview:large, max-video-preview:-1\" \/>\n<link rel=\"canonical\" href=\"https:\/\/morningflora.com\/fr\/caroline-daines-est-nommee-conceptrice-du-festival-des-fleurs\/\" \/>\n<meta property=\"og:locale\" content=\"fr_FR\" \/>\n<meta property=\"og:type\" content=\"article\" \/>\n<meta property=\"og:title\" content=\"Caroline Daines est nomm\u00e9e conceptrice du Festival des fleurs - Morning Flora\" \/>\n<meta property=\"og:description\" content=\"La cath\u00e9drale de Chichester annonce que Caroline Daines sera la conceptrice du Festival des fleurs de 2026. Du 3 au 6 juin 2026.\" \/>\n<meta property=\"og:url\" content=\"https:\/\/morningflora.com\/fr\/caroline-daines-est-nommee-conceptrice-du-festival-des-fleurs\/\" \/>\n<meta property=\"og:site_name\" content=\"Morning Flora\" \/>\n<meta property=\"article:published_time\" content=\"2024-12-19T08:47:19+00:00\" \/>\n<meta property=\"article:modified_time\" content=\"2024-12-21T14:39:13+00:00\" \/>\n<meta property=\"og:image\" content=\"https:\/\/morningflora.com\/wp-content\/uploads\/2024\/12\/caroline-daines-as-the-designer-for-its-festival-of-flowers-2026.jpg\" \/>\n\t<meta property=\"og:image:width\" content=\"1500\" \/>\n\t<meta property=\"og:image:height\" content=\"1192\" \/>\n\t<meta property=\"og:image:type\" content=\"image\/jpeg\" \/>\n<meta name=\"author\" content=\"Peter, Morning Florist\" \/>\n<meta name=\"twitter:card\" content=\"summary_large_image\" \/>\n<meta name=\"twitter:label1\" content=\"\u00c9crit par\" \/>\n\t<meta name=\"twitter:data1\" content=\"Peter\" \/>\n\t<meta name=\"twitter:label2\" content=\"Dur\u00e9e de lecture estim\u00e9e\" \/>\n\t<meta name=\"twitter:data2\" content=\"2 minutes\" \/>\n<script type=\"application\/ld+json\" class=\"yoast-schema-graph\">{\"@context\":\"https:\/\/schema.org\",\"@graph\":[{\"@type\":\"WebPage\",\"@id\":\"https:\/\/morningflora.com\/fr\/caroline-daines-est-nommee-conceptrice-du-festival-des-fleurs\/\",\"url\":\"https:\/\/morningflora.com\/fr\/caroline-daines-est-nommee-conceptrice-du-festival-des-fleurs\/\",\"name\":\"Caroline Daines est nomm\u00e9e conceptrice du Festival des fleurs - Morning Flora\",\"isPartOf\":{\"@id\":\"https:\/\/morningflora.com\/fr\/#website\"},\"primaryImageOfPage\":{\"@id\":\"https:\/\/morningflora.com\/fr\/caroline-daines-est-nommee-conceptrice-du-festival-des-fleurs\/#primaryimage\"},\"image\":{\"@id\":\"https:\/\/morningflora.com\/fr\/caroline-daines-est-nommee-conceptrice-du-festival-des-fleurs\/#primaryimage\"},\"thumbnailUrl\":\"https:\/\/morningflora.com\/wp-content\/uploads\/2024\/12\/caroline-daines-as-the-designer-for-its-festival-of-flowers-2026.jpg\",\"datePublished\":\"2024-12-19T08:47:19+00:00\",\"dateModified\":\"2024-12-21T14:39:13+00:00\",\"author\":{\"@id\":\"https:\/\/morningflora.com\/fr\/#\/schema\/person\/665193ac8c92e86a70ec395f236daf33\"},\"description\":\"La cath\u00e9drale de Chichester annonce que Caroline Daines sera la conceptrice du Festival des fleurs de 2026. Du 3 au 6 juin 2026.\",\"breadcrumb\":{\"@id\":\"https:\/\/morningflora.com\/fr\/caroline-daines-est-nommee-conceptrice-du-festival-des-fleurs\/#breadcrumb\"},\"inLanguage\":\"fr-FR\",\"potentialAction\":[{\"@type\":\"ReadAction\",\"target\":[\"https:\/\/morningflora.com\/fr\/caroline-daines-est-nommee-conceptrice-du-festival-des-fleurs\/\"]}]},{\"@type\":\"ImageObject\",\"inLanguage\":\"fr-FR\",\"@id\":\"https:\/\/morningflora.com\/fr\/caroline-daines-est-nommee-conceptrice-du-festival-des-fleurs\/#primaryimage\",\"url\":\"https:\/\/morningflora.com\/wp-content\/uploads\/2024\/12\/caroline-daines-as-the-designer-for-its-festival-of-flowers-2026.jpg\",\"contentUrl\":\"https:\/\/morningflora.com\/wp-content\/uploads\/2024\/12\/caroline-daines-as-the-designer-for-its-festival-of-flowers-2026.jpg\",\"width\":1500,\"height\":1192,\"caption\":\"La cath\u00e9drale de Chichester a officiellement annonc\u00e9 que Caroline Daines serait la conceptrice de son Festival des fleurs 2026.\"},{\"@type\":\"BreadcrumbList\",\"@id\":\"https:\/\/morningflora.com\/fr\/caroline-daines-est-nommee-conceptrice-du-festival-des-fleurs\/#breadcrumb\",\"itemListElement\":[{\"@type\":\"ListItem\",\"position\":1,\"name\":\"Home\",\"item\":\"https:\/\/morningflora.com\/fr\/\"},{\"@type\":\"ListItem\",\"position\":2,\"name\":\"Caroline Daines est nomm\u00e9e conceptrice du Festival des fleurs\"}]},{\"@type\":\"WebSite\",\"@id\":\"https:\/\/morningflora.com\/fr\/#website\",\"url\":\"https:\/\/morningflora.com\/fr\/\",\"name\":\"Morning Flora\",\"description\":\"Latest Floriculture News: Insights from Local Growers | New Varieties | Upcoming Events. Stay ahead in\u00a0the\u00a0industry!\",\"alternateName\":\"MF\",\"potentialAction\":[{\"@type\":\"SearchAction\",\"target\":{\"@type\":\"EntryPoint\",\"urlTemplate\":\"https:\/\/morningflora.com\/fr\/?s={search_term_string}\"},\"query-input\":{\"@type\":\"PropertyValueSpecification\",\"valueRequired\":true,\"valueName\":\"search_term_string\"}}],\"inLanguage\":\"fr-FR\"},{\"@type\":\"Person\",\"@id\":\"https:\/\/morningflora.com\/fr\/#\/schema\/person\/665193ac8c92e86a70ec395f236daf33\",\"name\":\"Peter\",\"image\":{\"@type\":\"ImageObject\",\"inLanguage\":\"fr-FR\",\"@id\":\"https:\/\/morningflora.com\/fr\/#\/schema\/person\/image\/505616de7c59d1de6acd0dc905d95bca\",\"url\":\"https:\/\/secure.gravatar.com\/avatar\/fa48d9b9eb47812a012aea4d12a38568c5bb0800fcbcd73ade468bab7f8ae81c?s=96&d=mm&r=g\",\"contentUrl\":\"https:\/\/secure.gravatar.com\/avatar\/fa48d9b9eb47812a012aea4d12a38568c5bb0800fcbcd73ade468bab7f8ae81c?s=96&d=mm&r=g\",\"caption\":\"Peter\"},\"description\":\"I'm a passionate content writer specializing in floriculture and horticulture news. With a keen eye for seasonal trends and a deep love for nature, I craft engaging and informative articles that highlight flower care tips, gardening updates, floral design inspiration, and industry developments. My writing combines creativity with research, helping readers stay connected to the vibrant world of flowers.\",\"url\":\"https:\/\/morningflora.com\/author\/peter\/\"}]}<\/script>\n<!-- \/ Yoast SEO plugin. -->","yoast_head_json":{"title":"Caroline Daines est nomm\u00e9e conceptrice du Festival des fleurs - Morning Flora","description":"La cath\u00e9drale de Chichester annonce que Caroline Daines sera la conceptrice du Festival des fleurs de 2026. Du 3 au 6 juin 2026.","robots":{"index":"index","follow":"follow","max-snippet":"max-snippet:-1","max-image-preview":"max-image-preview:large","max-video-preview":"max-video-preview:-1"},"canonical":"https:\/\/morningflora.com\/fr\/caroline-daines-est-nommee-conceptrice-du-festival-des-fleurs\/","og_locale":"fr_FR","og_type":"article","og_title":"Caroline Daines est nomm\u00e9e conceptrice du Festival des fleurs - Morning Flora","og_description":"La cath\u00e9drale de Chichester annonce que Caroline Daines sera la conceptrice du Festival des fleurs de 2026. Du 3 au 6 juin 2026.","og_url":"https:\/\/morningflora.com\/fr\/caroline-daines-est-nommee-conceptrice-du-festival-des-fleurs\/","og_site_name":"Morning Flora","article_published_time":"2024-12-19T08:47:19+00:00","article_modified_time":"2024-12-21T14:39:13+00:00","og_image":[{"width":1500,"height":1192,"url":"https:\/\/morningflora.com\/wp-content\/uploads\/2024\/12\/caroline-daines-as-the-designer-for-its-festival-of-flowers-2026.jpg","type":"image\/jpeg"}],"author":"Peter, Morning Florist","twitter_card":"summary_large_image","twitter_misc":{"\u00c9crit par":"Peter","Dur\u00e9e de lecture estim\u00e9e":"2 minutes"},"schema":{"@context":"https:\/\/schema.org","@graph":[{"@type":"WebPage","@id":"https:\/\/morningflora.com\/fr\/caroline-daines-est-nommee-conceptrice-du-festival-des-fleurs\/","url":"https:\/\/morningflora.com\/fr\/caroline-daines-est-nommee-conceptrice-du-festival-des-fleurs\/","name":"Caroline Daines est nomm\u00e9e conceptrice du Festival des fleurs - Morning Flora","isPartOf":{"@id":"https:\/\/morningflora.com\/fr\/#website"},"primaryImageOfPage":{"@id":"https:\/\/morningflora.com\/fr\/caroline-daines-est-nommee-conceptrice-du-festival-des-fleurs\/#primaryimage"},"image":{"@id":"https:\/\/morningflora.com\/fr\/caroline-daines-est-nommee-conceptrice-du-festival-des-fleurs\/#primaryimage"},"thumbnailUrl":"https:\/\/morningflora.com\/wp-content\/uploads\/2024\/12\/caroline-daines-as-the-designer-for-its-festival-of-flowers-2026.jpg","datePublished":"2024-12-19T08:47:19+00:00","dateModified":"2024-12-21T14:39:13+00:00","author":{"@id":"https:\/\/morningflora.com\/fr\/#\/schema\/person\/665193ac8c92e86a70ec395f236daf33"},"description":"La cath\u00e9drale de Chichester annonce que Caroline Daines sera la conceptrice du Festival des fleurs de 2026. Du 3 au 6 juin 2026.","breadcrumb":{"@id":"https:\/\/morningflora.com\/fr\/caroline-daines-est-nommee-conceptrice-du-festival-des-fleurs\/#breadcrumb"},"inLanguage":"fr-FR","potentialAction":[{"@type":"ReadAction","target":["https:\/\/morningflora.com\/fr\/caroline-daines-est-nommee-conceptrice-du-festival-des-fleurs\/"]}]},{"@type":"ImageObject","inLanguage":"fr-FR","@id":"https:\/\/morningflora.com\/fr\/caroline-daines-est-nommee-conceptrice-du-festival-des-fleurs\/#primaryimage","url":"https:\/\/morningflora.com\/wp-content\/uploads\/2024\/12\/caroline-daines-as-the-designer-for-its-festival-of-flowers-2026.jpg","contentUrl":"https:\/\/morningflora.com\/wp-content\/uploads\/2024\/12\/caroline-daines-as-the-designer-for-its-festival-of-flowers-2026.jpg","width":1500,"height":1192,"caption":"La cath\u00e9drale de Chichester a officiellement annonc\u00e9 que Caroline Daines serait la conceptrice de son Festival des fleurs 2026."},{"@type":"BreadcrumbList","@id":"https:\/\/morningflora.com\/fr\/caroline-daines-est-nommee-conceptrice-du-festival-des-fleurs\/#breadcrumb","itemListElement":[{"@type":"ListItem","position":1,"name":"Home","item":"https:\/\/morningflora.com\/fr\/"},{"@type":"ListItem","position":2,"name":"Caroline Daines est nomm\u00e9e conceptrice du Festival des fleurs"}]},{"@type":"WebSite","@id":"https:\/\/morningflora.com\/fr\/#website","url":"https:\/\/morningflora.com\/fr\/","name":"Morning Flora","description":"Latest Floriculture News: Insights from Local Growers | New Varieties | Upcoming Events. Stay ahead in\u00a0the\u00a0industry!","alternateName":"MF","potentialAction":[{"@type":"SearchAction","target":{"@type":"EntryPoint","urlTemplate":"https:\/\/morningflora.com\/fr\/?s={search_term_string}"},"query-input":{"@type":"PropertyValueSpecification","valueRequired":true,"valueName":"search_term_string"}}],"inLanguage":"fr-FR"},{"@type":"Person","@id":"https:\/\/morningflora.com\/fr\/#\/schema\/person\/665193ac8c92e86a70ec395f236daf33","name":"Peter","image":{"@type":"ImageObject","inLanguage":"fr-FR","@id":"https:\/\/morningflora.com\/fr\/#\/schema\/person\/image\/505616de7c59d1de6acd0dc905d95bca","url":"https:\/\/secure.gravatar.com\/avatar\/fa48d9b9eb47812a012aea4d12a38568c5bb0800fcbcd73ade468bab7f8ae81c?s=96&d=mm&r=g","contentUrl":"https:\/\/secure.gravatar.com\/avatar\/fa48d9b9eb47812a012aea4d12a38568c5bb0800fcbcd73ade468bab7f8ae81c?s=96&d=mm&r=g","caption":"Peter"},"description":"I'm a passionate content writer specializing in floriculture and horticulture news. With a keen eye for seasonal trends and a deep love for nature, I craft engaging and informative articles that highlight flower care tips, gardening updates, floral design inspiration, and industry developments. My writing combines creativity with research, helping readers stay connected to the vibrant world of flowers.","url":"https:\/\/morningflora.com\/author\/peter\/"}]}},"authors":[{"term_id":53,"user_id":14,"is_guest":0,"slug":"peter","display_name":"Peter","avatar_url":"https:\/\/secure.gravatar.com\/avatar\/fa48d9b9eb47812a012aea4d12a38568c5bb0800fcbcd73ade468bab7f8ae81c?s=96&d=mm&r=g","author_category":"","first_name":"Chijioke Emmanuel (Peter)","last_name":"Ezeh","user_url":"","first_name_2":"","last_name_2":"","user_email_2":"","job_title":"","description":"I'm a passionate content writer specializing in floriculture and horticulture news. With a keen eye for seasonal trends and a deep love for nature, I craft engaging and informative articles that highlight flower care tips, gardening updates, floral design inspiration, and industry developments. My writing combines creativity with research, helping readers stay connected to the vibrant world of flowers."},{"term_id":8,"user_id":1,"is_guest":0,"slug":"admin","display_name":"Morning Florist","avatar_url":{"url":"https:\/\/morningflora.com\/wp-content\/uploads\/2024\/05\/aoYBzq.jpg","url2x":"https:\/\/morningflora.com\/wp-content\/uploads\/2024\/05\/aoYBzq.jpg"},"author_category":"","first_name":"","last_name":"","user_url":"https:\/\/morningflora.com","first_name_2":"","last_name_2":"","user_email_2":"","job_title":"","description":""}],"_links":{"self":[{"href":"https:\/\/morningflora.com\/fr\/wp-json\/wp\/v2\/posts\/6633","targetHints":{"allow":["GET"]}}],"collection":[{"href":"https:\/\/morningflora.com\/fr\/wp-json\/wp\/v2\/posts"}],"about":[{"href":"https:\/\/morningflora.com\/fr\/wp-json\/wp\/v2\/types\/post"}],"author":[{"embeddable":true,"href":"https:\/\/morningflora.com\/fr\/wp-json\/wp\/v2\/users\/14"}],"replies":[{"embeddable":true,"href":"https:\/\/morningflora.com\/fr\/wp-json\/wp\/v2\/comments?post=6633"}],"version-history":[{"count":2,"href":"https:\/\/morningflora.com\/fr\/wp-json\/wp\/v2\/posts\/6633\/revisions"}],"predecessor-version":[{"id":6892,"href":"https:\/\/morningflora.com\/fr\/wp-json\/wp\/v2\/posts\/6633\/revisions\/6892"}],"wp:featuredmedia":[{"embeddable":true,"href":"https:\/\/morningflora.com\/fr\/wp-json\/wp\/v2\/media\/6424"}],"wp:attachment":[{"href":"https:\/\/morningflora.com\/fr\/wp-json\/wp\/v2\/media?parent=6633"}],"wp:term":[{"taxonomy":"category","embeddable":true,"href":"https:\/\/morningflora.com\/fr\/wp-json\/wp\/v2\/categories?post=6633"},{"taxonomy":"post_tag","embeddable":true,"href":"https:\/\/morningflora.com\/fr\/wp-json\/wp\/v2\/tags?post=6633"},{"taxonomy":"country-name","embeddable":true,"href":"https:\/\/morningflora.com\/fr\/wp-json\/wp\/v2\/country-name?post=6633"},{"taxonomy":"author","embeddable":true,"href":"https:\/\/morningflora.com\/fr\/wp-json\/wp\/v2\/ppma_author?post=6633"}],"curies":[{"name":"wp","href":"https:\/\/api.w.org\/{rel}","templated":true}]}}