{"id":7018,"date":"2024-12-30T10:23:17","date_gmt":"2024-12-30T10:23:17","guid":{"rendered":"https:\/\/morningflora.com\/la-journee-nationale-de-la-tulipe-donne-le-coup-denvoi-de-la-saison-des-tulipes\/"},"modified":"2024-12-30T10:27:19","modified_gmt":"2024-12-30T10:27:19","slug":"la-journee-nationale-de-la-tulipe-donne-le-coup-denvoi-de-la-saison-des-tulipes","status":"publish","type":"post","link":"https:\/\/morningflora.com\/fr\/la-journee-nationale-de-la-tulipe-donne-le-coup-denvoi-de-la-saison-des-tulipes\/","title":{"rendered":"La Journ\u00e9e nationale de la tulipe donne le coup d&rsquo;envoi de la saison des tulipes"},"content":{"rendered":"\n<p>La Journ\u00e9e nationale de la tulipe est de retour, apportant joie et couleur aux grises journ\u00e9es d&rsquo;hiver. C\u00e9l\u00e9br\u00e9e le troisi\u00e8me samedi de janvier, elle marque le <a href=\"https:\/\/tulpentijd.nl\/en\/\">d\u00e9but<\/a> officiel <a href=\"https:\/\/tulpentijd.nl\/en\/\">de la saison des tulipes<\/a>. Sur la place des mus\u00e9es d&rsquo;Amsterdam, un superbe jardin de tulipes est inaugur\u00e9 chaque ann\u00e9e, invitant tout le monde \u00e0 en cueillir une grappe gratuite. Cet \u00e9v\u00e9nement joyeux est devenu une tradition tr\u00e8s appr\u00e9ci\u00e9e et, en 2025, il prendra encore plus d&rsquo;importance.   <\/p>\n\n<h2 class=\"wp-block-heading\">Une tradition florissante : Journ\u00e9e nationale de la tulipe \u00e0 Amsterdam<\/h2>\n\n<p>Au c\u0153ur d&rsquo;Amsterdam, Museumplein se transforme en une mer de tulipes vibrantes lors de la Journ\u00e9e nationale de la tulipe. Imaginez que vous vous promenez dans un jardin temporaire rempli de 200 000 tulipes. C&rsquo;est aussi magique que cela en a l&rsquo;air ! \u00c0 13 heures, le jardin ouvre ses portes, accueillant les habitants et les visiteurs pour qu&rsquo;ils puissent cueillir leurs fleurs pr\u00e9f\u00e9r\u00e9es.   <\/p>\n\n<p>Cet \u00e9v\u00e9nement c\u00e9l\u00e8bre les racines profondes de la tulipe dans la culture n\u00e9erlandaise. Il s&rsquo;agit \u00e9galement d&rsquo;une activit\u00e9 amusante et gratuite pour \u00e9gayer le froid de janvier. En 2025, la Journ\u00e9e nationale de la tulipe c\u00e9l\u00e9brera le 750e anniversaire d&rsquo;Amsterdam, ce qui vous donnera une raison suppl\u00e9mentaire de participer aux festivit\u00e9s.  <\/p>\n\n<h2 class=\"wp-block-heading\">\u00c0 noter dans vos agendas : La prochaine journ\u00e9e nationale de la tulipe aura lieu le 17 janvier 2026<\/h2>\n\n<p>Si vous ne pouvez pas venir cette ann\u00e9e, ne vous inqui\u00e9tez pas ! La prochaine Journ\u00e9e nationale de la tulipe aura lieu le 17 janvier 2026. D&rsquo;ici l\u00e0, les tulipes restent largement disponibles d\u00e8s le d\u00e9but de la saison.  <\/p>\n\n<p>Vous voulez profiter de la saison des tulipes en num\u00e9rique ? Suivez Tulip Time sur Facebook ou Instagram pour des photos et des mises \u00e0 jour \u00e0 couper le souffle. C&rsquo;est un excellent moyen d&rsquo;apporter un peu de joie florale \u00e0 votre alimentation.  <\/p>\n\n<p>Les tulipes sont plus que de simples fleurs ; elles symbolisent l&rsquo;arriv\u00e9e du printemps et du bonheur. Que vous soyez \u00e0 Amsterdam ou que vous regardiez en ligne, cette c\u00e9l\u00e9bration est \u00e0 ne pas manquer. Alors, notez la date et pr\u00e9parez-vous \u00e0 passer un bon moment !  <\/p>\n\n<p><\/p>\n<div class=\"pld-like-dislike-wrap pld-custom\">\r\n    <div class=\"pld-like-wrap  pld-common-wrap\">\r\n    <a href=\"javascript:void(0)\" class=\"pld-like-trigger pld-like-dislike-trigger  \" title=\"Like\" data-post-id=\"7018\" data-trigger-type=\"like\" data-restriction=\"cookie\" data-already-liked=\"0\">\r\n                            <img src=\"https:\/\/morningflora.com\/wp-content\/uploads\/2024\/09\/like-1.svg\" alt=\"Like\" \/>\r\n            <\/a>\r\n    <span class=\"pld-like-count-wrap pld-count-wrap\">5    <\/span>\r\n<\/div><div class=\"pld-dislike-wrap  pld-common-wrap\">\r\n    <a href=\"javascript:void(0)\" class=\"pld-dislike-trigger pld-like-dislike-trigger  \" title=\"Dislike\" data-post-id=\"7018\" data-trigger-type=\"dislike\" data-restriction=\"cookie\" data-already-liked=\"0\">\r\n                            <img src=\"https:\/\/morningflora.com\/wp-content\/uploads\/2024\/09\/unlike.svg\" alt=\"Dislike\" \/>\r\n            <\/a>\r\n    <span class=\"pld-dislike-count-wrap pld-count-wrap\">0<\/span>\r\n<\/div><\/div>","protected":false},"excerpt":{"rendered":"<p>La Journ\u00e9e nationale de la tulipe est de retour, apportant joie et couleur aux grises journ\u00e9es d&rsquo;hiver. C\u00e9l\u00e9br\u00e9e le troisi\u00e8me samedi de janvier, elle marque le d\u00e9but officiel de la saison des tulipes. Sur la place des mus\u00e9es d&rsquo;Amsterdam, un superbe jardin de tulipes est inaugur\u00e9 chaque ann\u00e9e, invitant tout le monde \u00e0 en cueillir [&hellip;]<\/p>\n","protected":false},"author":14,"featured_media":6987,"comment_status":"open","ping_status":"open","sticky":false,"template":"","format":"standard","meta":{"footnotes":""},"categories":[397,421],"tags":[489,487,488,382],"country-name":[70,71],"ppma_author":[8,53],"class_list":["post-7018","post","type-post","status-publish","format-standard","has-post-thumbnail","hentry","category-evenements","category-jardin","tag-amsterdam-fr","tag-journee-des-tulipes","tag-journee-nationale-de-la-tulipe","tag-nl-fr","country-name-nl","country-name-worldwide","author-admin","author-peter"],"yoast_head":"<!-- This site is optimized with the Yoast SEO plugin v25.3 - https:\/\/yoast.com\/wordpress\/plugins\/seo\/ -->\n<title>La Journ\u00e9e nationale de la tulipe donne le coup d&#039;envoi de la saison des tulipes - Morning Flora<\/title>\n<meta name=\"description\" content=\"C\u00e9l\u00e9brez la Journ\u00e9e nationale de la tulipe \u00e0 Amsterdam ! D\u00e9couvrez 200 000 tulipes, des bouquets gratuits et une tradition unique marquant le d\u00e9but de la saison des tulipes.\" \/>\n<meta name=\"robots\" content=\"index, follow, max-snippet:-1, max-image-preview:large, max-video-preview:-1\" \/>\n<link rel=\"canonical\" href=\"https:\/\/morningflora.com\/fr\/la-journee-nationale-de-la-tulipe-donne-le-coup-denvoi-de-la-saison-des-tulipes\/\" \/>\n<meta property=\"og:locale\" content=\"fr_FR\" \/>\n<meta property=\"og:type\" content=\"article\" \/>\n<meta property=\"og:title\" content=\"La Journ\u00e9e nationale de la tulipe donne le coup d&#039;envoi de la saison des tulipes - Morning Flora\" \/>\n<meta property=\"og:description\" content=\"C\u00e9l\u00e9brez la Journ\u00e9e nationale de la tulipe \u00e0 Amsterdam ! D\u00e9couvrez 200 000 tulipes, des bouquets gratuits et une tradition unique marquant le d\u00e9but de la saison des tulipes.\" \/>\n<meta property=\"og:url\" content=\"https:\/\/morningflora.com\/fr\/la-journee-nationale-de-la-tulipe-donne-le-coup-denvoi-de-la-saison-des-tulipes\/\" \/>\n<meta property=\"og:site_name\" content=\"Morning Flora\" \/>\n<meta property=\"article:published_time\" content=\"2024-12-30T10:23:17+00:00\" \/>\n<meta property=\"article:modified_time\" content=\"2024-12-30T10:27:19+00:00\" \/>\n<meta property=\"og:image\" content=\"https:\/\/morningflora.com\/wp-content\/uploads\/2024\/12\/national-tulip-day-kicks-off-tulip-season.jpg\" \/>\n\t<meta property=\"og:image:width\" content=\"1500\" \/>\n\t<meta property=\"og:image:height\" content=\"1040\" \/>\n\t<meta property=\"og:image:type\" content=\"image\/jpeg\" \/>\n<meta name=\"author\" content=\"Morning Florist, Peter\" \/>\n<meta name=\"twitter:card\" content=\"summary_large_image\" \/>\n<meta name=\"twitter:label1\" content=\"\u00c9crit par\" \/>\n\t<meta name=\"twitter:data1\" content=\"Peter\" \/>\n\t<meta name=\"twitter:label2\" content=\"Dur\u00e9e de lecture estim\u00e9e\" \/>\n\t<meta name=\"twitter:data2\" content=\"2 minutes\" \/>\n<script type=\"application\/ld+json\" class=\"yoast-schema-graph\">{\"@context\":\"https:\/\/schema.org\",\"@graph\":[{\"@type\":\"WebPage\",\"@id\":\"https:\/\/morningflora.com\/fr\/la-journee-nationale-de-la-tulipe-donne-le-coup-denvoi-de-la-saison-des-tulipes\/\",\"url\":\"https:\/\/morningflora.com\/fr\/la-journee-nationale-de-la-tulipe-donne-le-coup-denvoi-de-la-saison-des-tulipes\/\",\"name\":\"La Journ\u00e9e nationale de la tulipe donne le coup d'envoi de la saison des tulipes - Morning Flora\",\"isPartOf\":{\"@id\":\"https:\/\/morningflora.com\/fr\/#website\"},\"primaryImageOfPage\":{\"@id\":\"https:\/\/morningflora.com\/fr\/la-journee-nationale-de-la-tulipe-donne-le-coup-denvoi-de-la-saison-des-tulipes\/#primaryimage\"},\"image\":{\"@id\":\"https:\/\/morningflora.com\/fr\/la-journee-nationale-de-la-tulipe-donne-le-coup-denvoi-de-la-saison-des-tulipes\/#primaryimage\"},\"thumbnailUrl\":\"https:\/\/morningflora.com\/wp-content\/uploads\/2024\/12\/national-tulip-day-kicks-off-tulip-season.jpg\",\"datePublished\":\"2024-12-30T10:23:17+00:00\",\"dateModified\":\"2024-12-30T10:27:19+00:00\",\"author\":{\"@id\":\"https:\/\/morningflora.com\/fr\/#\/schema\/person\/665193ac8c92e86a70ec395f236daf33\"},\"description\":\"C\u00e9l\u00e9brez la Journ\u00e9e nationale de la tulipe \u00e0 Amsterdam ! D\u00e9couvrez 200 000 tulipes, des bouquets gratuits et une tradition unique marquant le d\u00e9but de la saison des tulipes.\",\"breadcrumb\":{\"@id\":\"https:\/\/morningflora.com\/fr\/la-journee-nationale-de-la-tulipe-donne-le-coup-denvoi-de-la-saison-des-tulipes\/#breadcrumb\"},\"inLanguage\":\"fr-FR\",\"potentialAction\":[{\"@type\":\"ReadAction\",\"target\":[\"https:\/\/morningflora.com\/fr\/la-journee-nationale-de-la-tulipe-donne-le-coup-denvoi-de-la-saison-des-tulipes\/\"]}]},{\"@type\":\"ImageObject\",\"inLanguage\":\"fr-FR\",\"@id\":\"https:\/\/morningflora.com\/fr\/la-journee-nationale-de-la-tulipe-donne-le-coup-denvoi-de-la-saison-des-tulipes\/#primaryimage\",\"url\":\"https:\/\/morningflora.com\/wp-content\/uploads\/2024\/12\/national-tulip-day-kicks-off-tulip-season.jpg\",\"contentUrl\":\"https:\/\/morningflora.com\/wp-content\/uploads\/2024\/12\/national-tulip-day-kicks-off-tulip-season.jpg\",\"width\":1500,\"height\":1040,\"caption\":\"La Journ\u00e9e nationale de la tulipe donne le coup d'envoi de la saison des tulipes\"},{\"@type\":\"BreadcrumbList\",\"@id\":\"https:\/\/morningflora.com\/fr\/la-journee-nationale-de-la-tulipe-donne-le-coup-denvoi-de-la-saison-des-tulipes\/#breadcrumb\",\"itemListElement\":[{\"@type\":\"ListItem\",\"position\":1,\"name\":\"Home\",\"item\":\"https:\/\/morningflora.com\/fr\/\"},{\"@type\":\"ListItem\",\"position\":2,\"name\":\"La Journ\u00e9e nationale de la tulipe donne le coup d&#8217;envoi de la saison des tulipes\"}]},{\"@type\":\"WebSite\",\"@id\":\"https:\/\/morningflora.com\/fr\/#website\",\"url\":\"https:\/\/morningflora.com\/fr\/\",\"name\":\"Morning Flora\",\"description\":\"Latest Floriculture News: Insights from Local Growers | New Varieties | Upcoming Events. Stay ahead in\u00a0the\u00a0industry!\",\"alternateName\":\"MF\",\"potentialAction\":[{\"@type\":\"SearchAction\",\"target\":{\"@type\":\"EntryPoint\",\"urlTemplate\":\"https:\/\/morningflora.com\/fr\/?s={search_term_string}\"},\"query-input\":{\"@type\":\"PropertyValueSpecification\",\"valueRequired\":true,\"valueName\":\"search_term_string\"}}],\"inLanguage\":\"fr-FR\"},{\"@type\":\"Person\",\"@id\":\"https:\/\/morningflora.com\/fr\/#\/schema\/person\/665193ac8c92e86a70ec395f236daf33\",\"name\":\"Peter\",\"image\":{\"@type\":\"ImageObject\",\"inLanguage\":\"fr-FR\",\"@id\":\"https:\/\/morningflora.com\/fr\/#\/schema\/person\/image\/505616de7c59d1de6acd0dc905d95bca\",\"url\":\"https:\/\/secure.gravatar.com\/avatar\/fa48d9b9eb47812a012aea4d12a38568c5bb0800fcbcd73ade468bab7f8ae81c?s=96&d=mm&r=g\",\"contentUrl\":\"https:\/\/secure.gravatar.com\/avatar\/fa48d9b9eb47812a012aea4d12a38568c5bb0800fcbcd73ade468bab7f8ae81c?s=96&d=mm&r=g\",\"caption\":\"Peter\"},\"description\":\"I'm a passionate content writer specializing in floriculture and horticulture news. With a keen eye for seasonal trends and a deep love for nature, I craft engaging and informative articles that highlight flower care tips, gardening updates, floral design inspiration, and industry developments. My writing combines creativity with research, helping readers stay connected to the vibrant world of flowers.\",\"url\":\"https:\/\/morningflora.com\/author\/peter\/\"}]}<\/script>\n<!-- \/ Yoast SEO plugin. -->","yoast_head_json":{"title":"La Journ\u00e9e nationale de la tulipe donne le coup d'envoi de la saison des tulipes - Morning Flora","description":"C\u00e9l\u00e9brez la Journ\u00e9e nationale de la tulipe \u00e0 Amsterdam ! D\u00e9couvrez 200 000 tulipes, des bouquets gratuits et une tradition unique marquant le d\u00e9but de la saison des tulipes.","robots":{"index":"index","follow":"follow","max-snippet":"max-snippet:-1","max-image-preview":"max-image-preview:large","max-video-preview":"max-video-preview:-1"},"canonical":"https:\/\/morningflora.com\/fr\/la-journee-nationale-de-la-tulipe-donne-le-coup-denvoi-de-la-saison-des-tulipes\/","og_locale":"fr_FR","og_type":"article","og_title":"La Journ\u00e9e nationale de la tulipe donne le coup d'envoi de la saison des tulipes - Morning Flora","og_description":"C\u00e9l\u00e9brez la Journ\u00e9e nationale de la tulipe \u00e0 Amsterdam ! D\u00e9couvrez 200 000 tulipes, des bouquets gratuits et une tradition unique marquant le d\u00e9but de la saison des tulipes.","og_url":"https:\/\/morningflora.com\/fr\/la-journee-nationale-de-la-tulipe-donne-le-coup-denvoi-de-la-saison-des-tulipes\/","og_site_name":"Morning Flora","article_published_time":"2024-12-30T10:23:17+00:00","article_modified_time":"2024-12-30T10:27:19+00:00","og_image":[{"width":1500,"height":1040,"url":"https:\/\/morningflora.com\/wp-content\/uploads\/2024\/12\/national-tulip-day-kicks-off-tulip-season.jpg","type":"image\/jpeg"}],"author":"Morning Florist, Peter","twitter_card":"summary_large_image","twitter_misc":{"\u00c9crit par":"Peter","Dur\u00e9e de lecture estim\u00e9e":"2 minutes"},"schema":{"@context":"https:\/\/schema.org","@graph":[{"@type":"WebPage","@id":"https:\/\/morningflora.com\/fr\/la-journee-nationale-de-la-tulipe-donne-le-coup-denvoi-de-la-saison-des-tulipes\/","url":"https:\/\/morningflora.com\/fr\/la-journee-nationale-de-la-tulipe-donne-le-coup-denvoi-de-la-saison-des-tulipes\/","name":"La Journ\u00e9e nationale de la tulipe donne le coup d'envoi de la saison des tulipes - Morning Flora","isPartOf":{"@id":"https:\/\/morningflora.com\/fr\/#website"},"primaryImageOfPage":{"@id":"https:\/\/morningflora.com\/fr\/la-journee-nationale-de-la-tulipe-donne-le-coup-denvoi-de-la-saison-des-tulipes\/#primaryimage"},"image":{"@id":"https:\/\/morningflora.com\/fr\/la-journee-nationale-de-la-tulipe-donne-le-coup-denvoi-de-la-saison-des-tulipes\/#primaryimage"},"thumbnailUrl":"https:\/\/morningflora.com\/wp-content\/uploads\/2024\/12\/national-tulip-day-kicks-off-tulip-season.jpg","datePublished":"2024-12-30T10:23:17+00:00","dateModified":"2024-12-30T10:27:19+00:00","author":{"@id":"https:\/\/morningflora.com\/fr\/#\/schema\/person\/665193ac8c92e86a70ec395f236daf33"},"description":"C\u00e9l\u00e9brez la Journ\u00e9e nationale de la tulipe \u00e0 Amsterdam ! D\u00e9couvrez 200 000 tulipes, des bouquets gratuits et une tradition unique marquant le d\u00e9but de la saison des tulipes.","breadcrumb":{"@id":"https:\/\/morningflora.com\/fr\/la-journee-nationale-de-la-tulipe-donne-le-coup-denvoi-de-la-saison-des-tulipes\/#breadcrumb"},"inLanguage":"fr-FR","potentialAction":[{"@type":"ReadAction","target":["https:\/\/morningflora.com\/fr\/la-journee-nationale-de-la-tulipe-donne-le-coup-denvoi-de-la-saison-des-tulipes\/"]}]},{"@type":"ImageObject","inLanguage":"fr-FR","@id":"https:\/\/morningflora.com\/fr\/la-journee-nationale-de-la-tulipe-donne-le-coup-denvoi-de-la-saison-des-tulipes\/#primaryimage","url":"https:\/\/morningflora.com\/wp-content\/uploads\/2024\/12\/national-tulip-day-kicks-off-tulip-season.jpg","contentUrl":"https:\/\/morningflora.com\/wp-content\/uploads\/2024\/12\/national-tulip-day-kicks-off-tulip-season.jpg","width":1500,"height":1040,"caption":"La Journ\u00e9e nationale de la tulipe donne le coup d'envoi de la saison des tulipes"},{"@type":"BreadcrumbList","@id":"https:\/\/morningflora.com\/fr\/la-journee-nationale-de-la-tulipe-donne-le-coup-denvoi-de-la-saison-des-tulipes\/#breadcrumb","itemListElement":[{"@type":"ListItem","position":1,"name":"Home","item":"https:\/\/morningflora.com\/fr\/"},{"@type":"ListItem","position":2,"name":"La Journ\u00e9e nationale de la tulipe donne le coup d&#8217;envoi de la saison des tulipes"}]},{"@type":"WebSite","@id":"https:\/\/morningflora.com\/fr\/#website","url":"https:\/\/morningflora.com\/fr\/","name":"Morning Flora","description":"Latest Floriculture News: Insights from Local Growers | New Varieties | Upcoming Events. Stay ahead in\u00a0the\u00a0industry!","alternateName":"MF","potentialAction":[{"@type":"SearchAction","target":{"@type":"EntryPoint","urlTemplate":"https:\/\/morningflora.com\/fr\/?s={search_term_string}"},"query-input":{"@type":"PropertyValueSpecification","valueRequired":true,"valueName":"search_term_string"}}],"inLanguage":"fr-FR"},{"@type":"Person","@id":"https:\/\/morningflora.com\/fr\/#\/schema\/person\/665193ac8c92e86a70ec395f236daf33","name":"Peter","image":{"@type":"ImageObject","inLanguage":"fr-FR","@id":"https:\/\/morningflora.com\/fr\/#\/schema\/person\/image\/505616de7c59d1de6acd0dc905d95bca","url":"https:\/\/secure.gravatar.com\/avatar\/fa48d9b9eb47812a012aea4d12a38568c5bb0800fcbcd73ade468bab7f8ae81c?s=96&d=mm&r=g","contentUrl":"https:\/\/secure.gravatar.com\/avatar\/fa48d9b9eb47812a012aea4d12a38568c5bb0800fcbcd73ade468bab7f8ae81c?s=96&d=mm&r=g","caption":"Peter"},"description":"I'm a passionate content writer specializing in floriculture and horticulture news. With a keen eye for seasonal trends and a deep love for nature, I craft engaging and informative articles that highlight flower care tips, gardening updates, floral design inspiration, and industry developments. My writing combines creativity with research, helping readers stay connected to the vibrant world of flowers.","url":"https:\/\/morningflora.com\/author\/peter\/"}]}},"authors":[{"term_id":8,"user_id":1,"is_guest":0,"slug":"admin","display_name":"Morning Florist","avatar_url":{"url":"https:\/\/morningflora.com\/wp-content\/uploads\/2024\/05\/aoYBzq.jpg","url2x":"https:\/\/morningflora.com\/wp-content\/uploads\/2024\/05\/aoYBzq.jpg"},"author_category":"","first_name":"","last_name":"","user_url":"https:\/\/morningflora.com","first_name_2":"","last_name_2":"","user_email_2":"","job_title":"","description":""},{"term_id":53,"user_id":14,"is_guest":0,"slug":"peter","display_name":"Peter","avatar_url":"https:\/\/secure.gravatar.com\/avatar\/fa48d9b9eb47812a012aea4d12a38568c5bb0800fcbcd73ade468bab7f8ae81c?s=96&d=mm&r=g","author_category":"","first_name":"Chijioke Emmanuel (Peter)","last_name":"Ezeh","user_url":"","first_name_2":"","last_name_2":"","user_email_2":"","job_title":"","description":"I'm a passionate content writer specializing in floriculture and horticulture news. With a keen eye for seasonal trends and a deep love for nature, I craft engaging and informative articles that highlight flower care tips, gardening updates, floral design inspiration, and industry developments. My writing combines creativity with research, helping readers stay connected to the vibrant world of flowers."}],"_links":{"self":[{"href":"https:\/\/morningflora.com\/fr\/wp-json\/wp\/v2\/posts\/7018","targetHints":{"allow":["GET"]}}],"collection":[{"href":"https:\/\/morningflora.com\/fr\/wp-json\/wp\/v2\/posts"}],"about":[{"href":"https:\/\/morningflora.com\/fr\/wp-json\/wp\/v2\/types\/post"}],"author":[{"embeddable":true,"href":"https:\/\/morningflora.com\/fr\/wp-json\/wp\/v2\/users\/14"}],"replies":[{"embeddable":true,"href":"https:\/\/morningflora.com\/fr\/wp-json\/wp\/v2\/comments?post=7018"}],"version-history":[{"count":1,"href":"https:\/\/morningflora.com\/fr\/wp-json\/wp\/v2\/posts\/7018\/revisions"}],"predecessor-version":[{"id":7019,"href":"https:\/\/morningflora.com\/fr\/wp-json\/wp\/v2\/posts\/7018\/revisions\/7019"}],"wp:featuredmedia":[{"embeddable":true,"href":"https:\/\/morningflora.com\/fr\/wp-json\/wp\/v2\/media\/6987"}],"wp:attachment":[{"href":"https:\/\/morningflora.com\/fr\/wp-json\/wp\/v2\/media?parent=7018"}],"wp:term":[{"taxonomy":"category","embeddable":true,"href":"https:\/\/morningflora.com\/fr\/wp-json\/wp\/v2\/categories?post=7018"},{"taxonomy":"post_tag","embeddable":true,"href":"https:\/\/morningflora.com\/fr\/wp-json\/wp\/v2\/tags?post=7018"},{"taxonomy":"country-name","embeddable":true,"href":"https:\/\/morningflora.com\/fr\/wp-json\/wp\/v2\/country-name?post=7018"},{"taxonomy":"author","embeddable":true,"href":"https:\/\/morningflora.com\/fr\/wp-json\/wp\/v2\/ppma_author?post=7018"}],"curies":[{"name":"wp","href":"https:\/\/api.w.org\/{rel}","templated":true}]}}